{"id":23159,"date":"2023-01-11T22:45:37","date_gmt":"2023-01-11T20:45:37","guid":{"rendered":"https:\/\/radis.ee\/elevandi-majaga-mehe-kusitlemine-ei-ole-tavaline-aastalopu-lugu\/"},"modified":"2023-08-30T23:10:42","modified_gmt":"2023-08-30T20:10:42","slug":"elevandi-majaga-mehe-kusitlemine-ei-ole-tavaline-aastalopu-lugu","status":"publish","type":"post","link":"https:\/\/radis.ee\/de\/elevandi-majaga-mehe-kusitlemine-ei-ole-tavaline-aastalopu-lugu\/","title":{"rendered":"Einen Mann mit einem Elefantenhaus zu interviewen, ist keine durchschnittliche Jahresendgeschichte"},"content":{"rendered":"<p>Wenn Sie nicht wissen, ob Sie Arc oder Cupola m\u00f6gen, haben Sie vielleicht etwas verpasst. Er hat gerade seine zweite Ausstellung in Tallinn in diesem Jahr er\u00f6ffnet \u2013 jetzt bekannter als Maler und insgesamt noch bekannter als Architekt. Vilen K\u00fcnnapu (geb. 1948) hat nachhaltige Auswirkungen auf Geist und Herz auf der ganzen Welt. Seine Arbeit im architektonischen Bereich reicht von Kollektivprojekten am Ende der Sowjetzeit \u00fcber Stadtplanung und moderne Einkaufszentren bis hin zu den Wolkenkratzern Nordeuropas. Aber die Details machen das Wesentliche aus und die beste L\u00f6sung ist immer ein Haus, auch wenn es eine Weile mit einem blauen Elefanten umgeben von Kiefern daherkommt.<\/p>\n<p><strong><img loading=\"lazy\" decoding=\"async\" class=\"alignnone wp-image-23150\" src=\"https:\/\/radis.ee\/wp-content\/uploads\/2023\/08\/Radis_Furniture_Vilen_Kunnapu_KYT5637-300x216.jpg\" alt=\"\" width=\"545\" height=\"392\" srcset=\"https:\/\/radis.ee\/wp-content\/uploads\/2023\/08\/Radis_Furniture_Vilen_Kunnapu_KYT5637-300x216.jpg 300w, https:\/\/radis.ee\/wp-content\/uploads\/2023\/08\/Radis_Furniture_Vilen_Kunnapu_KYT5637-600x432.jpg 600w, https:\/\/radis.ee\/wp-content\/uploads\/2023\/08\/Radis_Furniture_Vilen_Kunnapu_KYT5637-60x43.jpg 60w, https:\/\/radis.ee\/wp-content\/uploads\/2023\/08\/Radis_Furniture_Vilen_Kunnapu_KYT5637-125x90.jpg 125w, https:\/\/radis.ee\/wp-content\/uploads\/2023\/08\/Radis_Furniture_Vilen_Kunnapu_KYT5637.jpg 659w\" sizes=\"auto, (max-width: 545px) 100vw, 545px\" \/><\/strong><\/p>\n<p><strong>Maris: Vielen Dank f\u00fcr die Einladung zu Ihrer Ausstellung. Was glauben Sie, ist es nach der Er\u00f6ffnung der Ausstellung normalerweise m\u00f6glich, eine \u00dcberschneidung von Ideologien und \u00c4sthetiken zu erkennen? Wenn Gem\u00e4lde im Rampenlicht stehen und wir sie nicht mehr verstecken?<\/strong><\/p>\n<p><strong>Vilen:<\/strong> Wenn die Gem\u00e4lde als Ganzes an den W\u00e4nden der Galerie h\u00e4ngen, ist es Le jour et la Nuit. Sie werden kraftvoller zum Leben erweckt. Jede Ausstellung hat eine andere Energie. Hier im Kadriorg Plaza werden sie mit einem mandalaf\u00f6rmigen Atrium arbeiten, das in der Tat auch eine m\u00e4chtige Vertikale darstellt.<\/p>\n<p><strong>Maris: Wie w\u00fcrden Sie eine Geschichte \u00fcber eine Aussicht beschreiben, vielleicht mit einem Fenster, einem Turm oder einem Bogen, der Kiefern oder Zypressen umgibt?<\/strong><\/p>\n<p><strong>Vilen:<\/strong> Einige Motive aus Santorini oder anderswo geben den Ansto\u00df. W\u00e4hrend der Arbeit kommt jedoch die Magie des Gem\u00e4ldes selbst zum Vorschein. Die Zypresse oder der Mond beginnen dann, ihre Geschichte zu erz\u00e4hlen, und ich als K\u00fcnstler bin nur ein kleiner Lieferbote.<\/p>\n<p><strong>Maris: Wenn Sie auf die Jahrzehnte zur\u00fcckblicken, welche sind f\u00fcr Sie die beliebtesten und erz\u00e4hlen Sie uns etwas dar\u00fcber, warum es damals so lustig aussah?<\/strong><\/p>\n<p><strong>Vilen:<\/strong> Die 60er und 70er Jahre waren meine pr\u00e4genden Jahre. Sehr lustig, unterhaltsam und voller Energie. Diese Energiewolke muss \u00fcber dem gesamten Planeten gewesen sein. Die 90er und 2000er Jahre waren die Jahre meiner Wiedergeburt.<\/p>\n<p><strong>Maris: Welches sind die sokratischsten Stile und F\u00e4higkeiten Ihrer Heimatstadt, die Sie in den letzten 20 Jahren provoziert haben, und gibt es kleine Schritte und Wege, um Ver\u00e4nderungen herbeizuf\u00fchren?<\/strong><\/p>\n<p><strong>Vilen:<\/strong> Wahrscheinlich wei\u00df ich nicht viel \u00fcber Sokrates. Tallinn ist meine Lieblingsstadt und sie ver\u00e4ndert sich st\u00e4ndig. In den letzten 20 bis 30 Jahren ist das Liebesdreieck aus Altstadt, Hafen und Stadt lebendig geworden! Ich muss auch sagen, dass ich im Laufe der Jahre das Schicksal der von mir entworfenen H\u00e4user voll und ganz verfolge.<\/p>\n<p><strong><img loading=\"lazy\" decoding=\"async\" class=\"alignnone wp-image-23126\" src=\"https:\/\/radis.ee\/wp-content\/uploads\/2023\/08\/Radis_Furniture_Vilen_Kunnapu_KYT5538-300x206.jpg\" alt=\"\" width=\"575\" height=\"395\" srcset=\"https:\/\/radis.ee\/wp-content\/uploads\/2023\/08\/Radis_Furniture_Vilen_Kunnapu_KYT5538-300x206.jpg 300w, https:\/\/radis.ee\/wp-content\/uploads\/2023\/08\/Radis_Furniture_Vilen_Kunnapu_KYT5538-600x411.jpg 600w, https:\/\/radis.ee\/wp-content\/uploads\/2023\/08\/Radis_Furniture_Vilen_Kunnapu_KYT5538-60x41.jpg 60w, https:\/\/radis.ee\/wp-content\/uploads\/2023\/08\/Radis_Furniture_Vilen_Kunnapu_KYT5538-131x90.jpg 131w, https:\/\/radis.ee\/wp-content\/uploads\/2023\/08\/Radis_Furniture_Vilen_Kunnapu_KYT5538.jpg 845w\" sizes=\"auto, (max-width: 575px) 100vw, 575px\" \/><\/strong><\/p>\n<p><strong>Maris: Da wir hier eine etwas langsamere Eind\u00e4mmung gemacht haben, stehst du eher auf Morgens oder Abende? K\u00f6nnen Sie den Tagesablauf beschreiben, bevor Sie Farbe auf einen Pinsel bekommen?<\/strong><\/p>\n<p><strong>Vilen:<\/strong> Ich bin ein Abendmensch. Ich wache sp\u00e4t auf, schaue nachts lange Filme und lese oder gaffe einfach so. Ab zwei Uhr nachmittags kann ich Vortr\u00e4ge halten, Sch\u00fcler anleiten und malen. Ich skizziere H\u00e4user jederzeit, auch nachts.<\/p>\n<p><strong>Maris: Bei Besuchen und Reisen. Merken Sie auch, was andere Menschen in ihren Innenr\u00e4umen haben und wie sie dazu passen?<\/strong><\/p>\n<p><strong>Vilen:<\/strong> Ich mag moderne Innenr\u00e4ume mit vorzugsweise modernen Menschen. Aber manchmal auch dekadente altmodische Innenr\u00e4ume mit absolut lustigen Menschen. Wenn ich reise, bin ich gut darin, Hotels anhand ihrer h\u00fcbschen Inneneinrichtung auszuw\u00e4hlen. Zum Beispiel ist New Yorks Art-D\u00e9co bezaubernd.<\/p>\n<p><strong>Maris: Materialien, die Menschen normalerweise wirklich m\u00f6gen, haben meist wunderbar angenehme Oberfl\u00e4chen oder sind gesundheitlich unbedenklich. Wenn Sie Materialien f\u00fcr Skulpturen, Malerei oder f\u00fcr Gespr\u00e4che mit anderen Menschen ausw\u00e4hlen \u2013 gibt es Tipps oder Speicher, die Sie zum Notieren hervorholen m\u00f6chten?<\/strong><\/p>\n<p><strong>Vilen:<\/strong> Ich bin ein vollkommen formorientierter Mensch. Die Materialien sind mittelm\u00e4\u00dfig. Form und Geometrie bestimmen die Energie. Wurde gesagt. Dass es von irgendwoher kommt, wo es keine Materialien gibt \u2013 nur Ideen. Ich habe jedoch die Angewohnheit, Stein und s\u00fc\u00dfen Beton zu m\u00f6gen.<\/p>\n<p><strong>Maris: K\u00f6nnen Sie uns erz\u00e4hlen, wo Sie aufgewachsen sind und wie viel Kreativit\u00e4t Teil Ihrer Kindheit war?<\/strong><\/p>\n<p><strong>Vilen:<\/strong> Mein Elternhaus war in Kadriorg und es herrschte eine warme und liebevolle Atmosph\u00e4re. Vater war ein guter Zeichner und Mutter liebte Musik und las immer viel. Sie haben mich beide sehr beeinflusst. Ich habe zuf\u00e4llig ihre Tr\u00e4ume wahr werden lassen.<\/p>\n<p><strong><img loading=\"lazy\" decoding=\"async\" class=\"alignnone wp-image-23132\" src=\"https:\/\/radis.ee\/wp-content\/uploads\/2023\/08\/Radis_Furniture_Vilen_Kunnapu_KYT5558-300x200.jpg\" alt=\"\" width=\"539\" height=\"359\" srcset=\"https:\/\/radis.ee\/wp-content\/uploads\/2023\/08\/Radis_Furniture_Vilen_Kunnapu_KYT5558-300x200.jpg 300w, https:\/\/radis.ee\/wp-content\/uploads\/2023\/08\/Radis_Furniture_Vilen_Kunnapu_KYT5558-1024x683.jpg 1024w, https:\/\/radis.ee\/wp-content\/uploads\/2023\/08\/Radis_Furniture_Vilen_Kunnapu_KYT5558-600x400.jpg 600w, https:\/\/radis.ee\/wp-content\/uploads\/2023\/08\/Radis_Furniture_Vilen_Kunnapu_KYT5558-60x40.jpg 60w, https:\/\/radis.ee\/wp-content\/uploads\/2023\/08\/Radis_Furniture_Vilen_Kunnapu_KYT5558-135x90.jpg 135w, https:\/\/radis.ee\/wp-content\/uploads\/2023\/08\/Radis_Furniture_Vilen_Kunnapu_KYT5558.jpg 1192w\" sizes=\"auto, (max-width: 539px) 100vw, 539px\" \/><\/strong><\/p>\n<p><strong>Maris: Was sagen die Leute heutzutage zu dir, wenn sie deine Arbeit betrachten?<\/strong><\/p>\n<p><strong>Vilen:<\/strong> Sie sagen, dass ihnen warm wird und ihre Stimmung sich verbessert. Manche beseitigen Kopfschmerzen oder eine Erk\u00e4ltung. Sie sagen unterschiedliche Dinge, aber sie reden immer. Bilder begeistern sie.<\/p>\n<p><strong>Maris: Wie hat Ihr Engagement f\u00fcr die Architektur im Allgemeinen Ihre Lebenseinstellung gepr\u00e4gt? Welche Lektionen f\u00fcrs Leben k\u00f6nnen Sie mit anderen teilen?<\/strong><\/p>\n<p><strong>Vilen:<\/strong> Mein Leben habe ich in Begriffen verbracht, deren Epizentrum mitten in der Architektur liegt. Und ich kann Architektur nicht vom Engagement der Kunst trennen. Oft stand die Malerei an erster Stelle, gefolgt von Architektur, Design usw.<\/p>\n<p><strong>Maris: Erz\u00e4hlen Sie uns von Ihren Lieblingsm\u00f6beln. Was macht es so gut?<\/strong><\/p>\n<p><strong>Vilen:<\/strong> Ich mag alle Arten von Sofas. Meine besten Ideen entstehen, w\u00e4hrend ich dar\u00fcber nachdenke. Auch gro\u00dfe Esstische sind gro\u00dfartig. Unseres hat eine Eichenholzplatte und darunter l\u00e4sst sich ein Glastisch herausziehen, so dass das ganze Haus ordentlich Platz findet.<\/p>\n<p><strong>Maris: Noch einmal. Vielen Dank f\u00fcr dieses Interview zum Jahresende, es klingt wie einst Andy Warhols Magazinname, dieses Interview war eine unglaubliche Reise.<\/strong><\/p>\n<p><strong>Vilen:<\/strong> Danke, InterView war jahrelang mein Tischmagazin.<\/p>\n<p><img loading=\"lazy\" decoding=\"async\" class=\"alignnone wp-image-23144\" src=\"https:\/\/radis.ee\/wp-content\/uploads\/2023\/08\/Radis_Furniture_Vilen_Kunnapu_KYT5606-300x206.jpg\" alt=\"\" width=\"532\" height=\"365\" srcset=\"https:\/\/radis.ee\/wp-content\/uploads\/2023\/08\/Radis_Furniture_Vilen_Kunnapu_KYT5606-300x206.jpg 300w, https:\/\/radis.ee\/wp-content\/uploads\/2023\/08\/Radis_Furniture_Vilen_Kunnapu_KYT5606-600x412.jpg 600w, https:\/\/radis.ee\/wp-content\/uploads\/2023\/08\/Radis_Furniture_Vilen_Kunnapu_KYT5606-60x41.jpg 60w, https:\/\/radis.ee\/wp-content\/uploads\/2023\/08\/Radis_Furniture_Vilen_Kunnapu_KYT5606-131x90.jpg 131w, https:\/\/radis.ee\/wp-content\/uploads\/2023\/08\/Radis_Furniture_Vilen_Kunnapu_KYT5606.jpg 823w\" sizes=\"auto, (max-width: 532px) 100vw, 532px\" \/><\/p>\n","protected":false},"excerpt":{"rendered":"<p>Wenn Sie nicht wissen, ob Sie Arc oder Cupola m\u00f6gen, haben Sie vielleicht etwas verpasst. Er hat gerade seine zweite Ausstellung in Tallinn in diesem Jahr er\u00f6ffnet \u2013 jetzt bekannter als Maler und insgesamt noch bekannter als Architekt. Vilen K\u00fcnnapu (geb. 1948) hat nachhaltige Auswirkungen auf Geist und Herz auf der ganzen Welt. Seine Arbeit&#8230;<\/p>\n","protected":false},"author":2,"featured_media":23143,"comment_status":"open","ping_status":"open","sticky":false,"template":"","format":"standard","meta":{"_acf_changed":false,"footnotes":""},"categories":[575],"tags":[],"class_list":["post-23159","post","type-post","status-publish","format-standard","has-post-thumbnail","hentry","category-blogi-de"],"acf":[],"yoast_head":"<!-- This site is optimized with the Yoast SEO plugin v27.4 - https:\/\/yoast.com\/product\/yoast-seo-wordpress\/ -->\n<title>Einen Mann mit einem Elefantenhaus zu interviewen, ist keine durchschnittliche Jahresendgeschichte - Radis<\/title>\n<meta name=\"robots\" content=\"index, follow, max-snippet:-1, max-image-preview:large, max-video-preview:-1\" \/>\n<link rel=\"canonical\" href=\"https:\/\/radis.ee\/de\/elevandi-majaga-mehe-kusitlemine-ei-ole-tavaline-aastalopu-lugu\/\" \/>\n<meta property=\"og:locale\" content=\"de_DE\" \/>\n<meta property=\"og:type\" content=\"article\" \/>\n<meta property=\"og:title\" content=\"Einen Mann mit einem Elefantenhaus zu interviewen, ist keine durchschnittliche Jahresendgeschichte - Radis\" \/>\n<meta property=\"og:description\" content=\"Wenn Sie nicht wissen, ob Sie Arc oder Cupola m\u00f6gen, haben Sie vielleicht etwas verpasst. Er hat gerade seine zweite Ausstellung in Tallinn in diesem Jahr er\u00f6ffnet \u2013 jetzt bekannter als Maler und insgesamt noch bekannter als Architekt. Vilen K\u00fcnnapu (geb. 1948) hat nachhaltige Auswirkungen auf Geist und Herz auf der ganzen Welt. Seine Arbeit...\" \/>\n<meta property=\"og:url\" content=\"https:\/\/radis.ee\/de\/elevandi-majaga-mehe-kusitlemine-ei-ole-tavaline-aastalopu-lugu\/\" \/>\n<meta property=\"og:site_name\" content=\"Radis\" \/>\n<meta property=\"article:publisher\" content=\"https:\/\/www.facebook.com\/radisfurniture\/\" \/>\n<meta property=\"article:published_time\" content=\"2023-01-11T20:45:37+00:00\" \/>\n<meta property=\"article:modified_time\" content=\"2023-08-30T20:10:42+00:00\" \/>\n<meta property=\"og:image\" content=\"https:\/\/radis.ee\/wp-content\/uploads\/2023\/08\/Radis_Furniture_Vilen_Kunnapu_KYT5566.jpg\" \/>\n\t<meta property=\"og:image:width\" content=\"654\" \/>\n\t<meta property=\"og:image:height\" content=\"474\" \/>\n\t<meta property=\"og:image:type\" content=\"image\/jpeg\" \/>\n<meta name=\"author\" content=\"Mauri Abner\" \/>\n<meta name=\"twitter:card\" content=\"summary_large_image\" \/>\n<meta name=\"twitter:label1\" content=\"Verfasst von\" \/>\n\t<meta name=\"twitter:data1\" content=\"Mauri Abner\" \/>\n\t<meta name=\"twitter:label2\" content=\"Gesch\u00e4tzte Lesezeit\" \/>\n\t<meta name=\"twitter:data2\" content=\"4\u00a0Minuten\" \/>\n<script type=\"application\/ld+json\" class=\"yoast-schema-graph\">{\"@context\":\"https:\\\/\\\/schema.org\",\"@graph\":[{\"@type\":\"Article\",\"@id\":\"https:\\\/\\\/radis.ee\\\/de\\\/elevandi-majaga-mehe-kusitlemine-ei-ole-tavaline-aastalopu-lugu\\\/#article\",\"isPartOf\":{\"@id\":\"https:\\\/\\\/radis.ee\\\/de\\\/elevandi-majaga-mehe-kusitlemine-ei-ole-tavaline-aastalopu-lugu\\\/\"},\"author\":{\"name\":\"Mauri Abner\",\"@id\":\"https:\\\/\\\/radis.ee\\\/#\\\/schema\\\/person\\\/82b3717747b95054e374cb142668774b\"},\"headline\":\"Einen Mann mit einem Elefantenhaus zu interviewen, ist keine durchschnittliche Jahresendgeschichte\",\"datePublished\":\"2023-01-11T20:45:37+00:00\",\"dateModified\":\"2023-08-30T20:10:42+00:00\",\"mainEntityOfPage\":{\"@id\":\"https:\\\/\\\/radis.ee\\\/de\\\/elevandi-majaga-mehe-kusitlemine-ei-ole-tavaline-aastalopu-lugu\\\/\"},\"wordCount\":928,\"commentCount\":0,\"publisher\":{\"@id\":\"https:\\\/\\\/radis.ee\\\/#organization\"},\"image\":{\"@id\":\"https:\\\/\\\/radis.ee\\\/de\\\/elevandi-majaga-mehe-kusitlemine-ei-ole-tavaline-aastalopu-lugu\\\/#primaryimage\"},\"thumbnailUrl\":\"https:\\\/\\\/radis.ee\\\/wp-content\\\/uploads\\\/2023\\\/08\\\/Radis_Furniture_Vilen_Kunnapu_KYT5566.jpg\",\"articleSection\":[\"Blogi\"],\"inLanguage\":\"de\",\"potentialAction\":[{\"@type\":\"CommentAction\",\"name\":\"Comment\",\"target\":[\"https:\\\/\\\/radis.ee\\\/de\\\/elevandi-majaga-mehe-kusitlemine-ei-ole-tavaline-aastalopu-lugu\\\/#respond\"]}]},{\"@type\":\"WebPage\",\"@id\":\"https:\\\/\\\/radis.ee\\\/de\\\/elevandi-majaga-mehe-kusitlemine-ei-ole-tavaline-aastalopu-lugu\\\/\",\"url\":\"https:\\\/\\\/radis.ee\\\/de\\\/elevandi-majaga-mehe-kusitlemine-ei-ole-tavaline-aastalopu-lugu\\\/\",\"name\":\"Einen Mann mit einem Elefantenhaus zu interviewen, ist keine durchschnittliche Jahresendgeschichte - Radis\",\"isPartOf\":{\"@id\":\"https:\\\/\\\/radis.ee\\\/#website\"},\"primaryImageOfPage\":{\"@id\":\"https:\\\/\\\/radis.ee\\\/de\\\/elevandi-majaga-mehe-kusitlemine-ei-ole-tavaline-aastalopu-lugu\\\/#primaryimage\"},\"image\":{\"@id\":\"https:\\\/\\\/radis.ee\\\/de\\\/elevandi-majaga-mehe-kusitlemine-ei-ole-tavaline-aastalopu-lugu\\\/#primaryimage\"},\"thumbnailUrl\":\"https:\\\/\\\/radis.ee\\\/wp-content\\\/uploads\\\/2023\\\/08\\\/Radis_Furniture_Vilen_Kunnapu_KYT5566.jpg\",\"datePublished\":\"2023-01-11T20:45:37+00:00\",\"dateModified\":\"2023-08-30T20:10:42+00:00\",\"breadcrumb\":{\"@id\":\"https:\\\/\\\/radis.ee\\\/de\\\/elevandi-majaga-mehe-kusitlemine-ei-ole-tavaline-aastalopu-lugu\\\/#breadcrumb\"},\"inLanguage\":\"de\",\"potentialAction\":[{\"@type\":\"ReadAction\",\"target\":[\"https:\\\/\\\/radis.ee\\\/de\\\/elevandi-majaga-mehe-kusitlemine-ei-ole-tavaline-aastalopu-lugu\\\/\"]}]},{\"@type\":\"ImageObject\",\"inLanguage\":\"de\",\"@id\":\"https:\\\/\\\/radis.ee\\\/de\\\/elevandi-majaga-mehe-kusitlemine-ei-ole-tavaline-aastalopu-lugu\\\/#primaryimage\",\"url\":\"https:\\\/\\\/radis.ee\\\/wp-content\\\/uploads\\\/2023\\\/08\\\/Radis_Furniture_Vilen_Kunnapu_KYT5566.jpg\",\"contentUrl\":\"https:\\\/\\\/radis.ee\\\/wp-content\\\/uploads\\\/2023\\\/08\\\/Radis_Furniture_Vilen_Kunnapu_KYT5566.jpg\",\"width\":654,\"height\":474},{\"@type\":\"BreadcrumbList\",\"@id\":\"https:\\\/\\\/radis.ee\\\/de\\\/elevandi-majaga-mehe-kusitlemine-ei-ole-tavaline-aastalopu-lugu\\\/#breadcrumb\",\"itemListElement\":[{\"@type\":\"ListItem\",\"position\":1,\"name\":\"Home\",\"item\":\"https:\\\/\\\/radis.ee\\\/\"},{\"@type\":\"ListItem\",\"position\":2,\"name\":\"Einen Mann mit einem Elefantenhaus zu interviewen, ist keine durchschnittliche Jahresendgeschichte\"}]},{\"@type\":\"WebSite\",\"@id\":\"https:\\\/\\\/radis.ee\\\/#website\",\"url\":\"https:\\\/\\\/radis.ee\\\/\",\"name\":\"Radis\",\"description\":\"Nordic design furniture, environmentally friendly and sustainable.\",\"publisher\":{\"@id\":\"https:\\\/\\\/radis.ee\\\/#organization\"},\"potentialAction\":[{\"@type\":\"SearchAction\",\"target\":{\"@type\":\"EntryPoint\",\"urlTemplate\":\"https:\\\/\\\/radis.ee\\\/?s={search_term_string}\"},\"query-input\":{\"@type\":\"PropertyValueSpecification\",\"valueRequired\":true,\"valueName\":\"search_term_string\"}}],\"inLanguage\":\"de\"},{\"@type\":\"Organization\",\"@id\":\"https:\\\/\\\/radis.ee\\\/#organization\",\"name\":\"Radis O\u00dc\",\"url\":\"https:\\\/\\\/radis.ee\\\/\",\"logo\":{\"@type\":\"ImageObject\",\"inLanguage\":\"de\",\"@id\":\"https:\\\/\\\/radis.ee\\\/#\\\/schema\\\/logo\\\/image\\\/\",\"url\":\"https:\\\/\\\/radis.ee\\\/wp-content\\\/uploads\\\/2020\\\/10\\\/Radis-logo.png\",\"contentUrl\":\"https:\\\/\\\/radis.ee\\\/wp-content\\\/uploads\\\/2020\\\/10\\\/Radis-logo.png\",\"width\":300,\"height\":63,\"caption\":\"Radis O\u00dc\"},\"image\":{\"@id\":\"https:\\\/\\\/radis.ee\\\/#\\\/schema\\\/logo\\\/image\\\/\"},\"sameAs\":[\"https:\\\/\\\/www.facebook.com\\\/radisfurniture\\\/\"]},{\"@type\":\"Person\",\"@id\":\"https:\\\/\\\/radis.ee\\\/#\\\/schema\\\/person\\\/82b3717747b95054e374cb142668774b\",\"name\":\"Mauri Abner\",\"url\":\"https:\\\/\\\/radis.ee\\\/de\\\/author\\\/mauri\\\/\"}]}<\/script>\n<!-- \/ Yoast SEO plugin. -->","yoast_head_json":{"title":"Einen Mann mit einem Elefantenhaus zu interviewen, ist keine durchschnittliche Jahresendgeschichte - Radis","robots":{"index":"index","follow":"follow","max-snippet":"max-snippet:-1","max-image-preview":"max-image-preview:large","max-video-preview":"max-video-preview:-1"},"canonical":"https:\/\/radis.ee\/de\/elevandi-majaga-mehe-kusitlemine-ei-ole-tavaline-aastalopu-lugu\/","og_locale":"de_DE","og_type":"article","og_title":"Einen Mann mit einem Elefantenhaus zu interviewen, ist keine durchschnittliche Jahresendgeschichte - Radis","og_description":"Wenn Sie nicht wissen, ob Sie Arc oder Cupola m\u00f6gen, haben Sie vielleicht etwas verpasst. Er hat gerade seine zweite Ausstellung in Tallinn in diesem Jahr er\u00f6ffnet \u2013 jetzt bekannter als Maler und insgesamt noch bekannter als Architekt. Vilen K\u00fcnnapu (geb. 1948) hat nachhaltige Auswirkungen auf Geist und Herz auf der ganzen Welt. Seine Arbeit...","og_url":"https:\/\/radis.ee\/de\/elevandi-majaga-mehe-kusitlemine-ei-ole-tavaline-aastalopu-lugu\/","og_site_name":"Radis","article_publisher":"https:\/\/www.facebook.com\/radisfurniture\/","article_published_time":"2023-01-11T20:45:37+00:00","article_modified_time":"2023-08-30T20:10:42+00:00","og_image":[{"width":654,"height":474,"url":"https:\/\/radis.ee\/wp-content\/uploads\/2023\/08\/Radis_Furniture_Vilen_Kunnapu_KYT5566.jpg","type":"image\/jpeg"}],"author":"Mauri Abner","twitter_card":"summary_large_image","twitter_misc":{"Verfasst von":"Mauri Abner","Gesch\u00e4tzte Lesezeit":"4\u00a0Minuten"},"schema":{"@context":"https:\/\/schema.org","@graph":[{"@type":"Article","@id":"https:\/\/radis.ee\/de\/elevandi-majaga-mehe-kusitlemine-ei-ole-tavaline-aastalopu-lugu\/#article","isPartOf":{"@id":"https:\/\/radis.ee\/de\/elevandi-majaga-mehe-kusitlemine-ei-ole-tavaline-aastalopu-lugu\/"},"author":{"name":"Mauri Abner","@id":"https:\/\/radis.ee\/#\/schema\/person\/82b3717747b95054e374cb142668774b"},"headline":"Einen Mann mit einem Elefantenhaus zu interviewen, ist keine durchschnittliche Jahresendgeschichte","datePublished":"2023-01-11T20:45:37+00:00","dateModified":"2023-08-30T20:10:42+00:00","mainEntityOfPage":{"@id":"https:\/\/radis.ee\/de\/elevandi-majaga-mehe-kusitlemine-ei-ole-tavaline-aastalopu-lugu\/"},"wordCount":928,"commentCount":0,"publisher":{"@id":"https:\/\/radis.ee\/#organization"},"image":{"@id":"https:\/\/radis.ee\/de\/elevandi-majaga-mehe-kusitlemine-ei-ole-tavaline-aastalopu-lugu\/#primaryimage"},"thumbnailUrl":"https:\/\/radis.ee\/wp-content\/uploads\/2023\/08\/Radis_Furniture_Vilen_Kunnapu_KYT5566.jpg","articleSection":["Blogi"],"inLanguage":"de","potentialAction":[{"@type":"CommentAction","name":"Comment","target":["https:\/\/radis.ee\/de\/elevandi-majaga-mehe-kusitlemine-ei-ole-tavaline-aastalopu-lugu\/#respond"]}]},{"@type":"WebPage","@id":"https:\/\/radis.ee\/de\/elevandi-majaga-mehe-kusitlemine-ei-ole-tavaline-aastalopu-lugu\/","url":"https:\/\/radis.ee\/de\/elevandi-majaga-mehe-kusitlemine-ei-ole-tavaline-aastalopu-lugu\/","name":"Einen Mann mit einem Elefantenhaus zu interviewen, ist keine durchschnittliche Jahresendgeschichte - Radis","isPartOf":{"@id":"https:\/\/radis.ee\/#website"},"primaryImageOfPage":{"@id":"https:\/\/radis.ee\/de\/elevandi-majaga-mehe-kusitlemine-ei-ole-tavaline-aastalopu-lugu\/#primaryimage"},"image":{"@id":"https:\/\/radis.ee\/de\/elevandi-majaga-mehe-kusitlemine-ei-ole-tavaline-aastalopu-lugu\/#primaryimage"},"thumbnailUrl":"https:\/\/radis.ee\/wp-content\/uploads\/2023\/08\/Radis_Furniture_Vilen_Kunnapu_KYT5566.jpg","datePublished":"2023-01-11T20:45:37+00:00","dateModified":"2023-08-30T20:10:42+00:00","breadcrumb":{"@id":"https:\/\/radis.ee\/de\/elevandi-majaga-mehe-kusitlemine-ei-ole-tavaline-aastalopu-lugu\/#breadcrumb"},"inLanguage":"de","potentialAction":[{"@type":"ReadAction","target":["https:\/\/radis.ee\/de\/elevandi-majaga-mehe-kusitlemine-ei-ole-tavaline-aastalopu-lugu\/"]}]},{"@type":"ImageObject","inLanguage":"de","@id":"https:\/\/radis.ee\/de\/elevandi-majaga-mehe-kusitlemine-ei-ole-tavaline-aastalopu-lugu\/#primaryimage","url":"https:\/\/radis.ee\/wp-content\/uploads\/2023\/08\/Radis_Furniture_Vilen_Kunnapu_KYT5566.jpg","contentUrl":"https:\/\/radis.ee\/wp-content\/uploads\/2023\/08\/Radis_Furniture_Vilen_Kunnapu_KYT5566.jpg","width":654,"height":474},{"@type":"BreadcrumbList","@id":"https:\/\/radis.ee\/de\/elevandi-majaga-mehe-kusitlemine-ei-ole-tavaline-aastalopu-lugu\/#breadcrumb","itemListElement":[{"@type":"ListItem","position":1,"name":"Home","item":"https:\/\/radis.ee\/"},{"@type":"ListItem","position":2,"name":"Einen Mann mit einem Elefantenhaus zu interviewen, ist keine durchschnittliche Jahresendgeschichte"}]},{"@type":"WebSite","@id":"https:\/\/radis.ee\/#website","url":"https:\/\/radis.ee\/","name":"Radis","description":"Nordic design furniture, environmentally friendly and sustainable.","publisher":{"@id":"https:\/\/radis.ee\/#organization"},"potentialAction":[{"@type":"SearchAction","target":{"@type":"EntryPoint","urlTemplate":"https:\/\/radis.ee\/?s={search_term_string}"},"query-input":{"@type":"PropertyValueSpecification","valueRequired":true,"valueName":"search_term_string"}}],"inLanguage":"de"},{"@type":"Organization","@id":"https:\/\/radis.ee\/#organization","name":"Radis O\u00dc","url":"https:\/\/radis.ee\/","logo":{"@type":"ImageObject","inLanguage":"de","@id":"https:\/\/radis.ee\/#\/schema\/logo\/image\/","url":"https:\/\/radis.ee\/wp-content\/uploads\/2020\/10\/Radis-logo.png","contentUrl":"https:\/\/radis.ee\/wp-content\/uploads\/2020\/10\/Radis-logo.png","width":300,"height":63,"caption":"Radis O\u00dc"},"image":{"@id":"https:\/\/radis.ee\/#\/schema\/logo\/image\/"},"sameAs":["https:\/\/www.facebook.com\/radisfurniture\/"]},{"@type":"Person","@id":"https:\/\/radis.ee\/#\/schema\/person\/82b3717747b95054e374cb142668774b","name":"Mauri Abner","url":"https:\/\/radis.ee\/de\/author\/mauri\/"}]}},"_links":{"self":[{"href":"https:\/\/radis.ee\/de\/wp-json\/wp\/v2\/posts\/23159","targetHints":{"allow":["GET"]}}],"collection":[{"href":"https:\/\/radis.ee\/de\/wp-json\/wp\/v2\/posts"}],"about":[{"href":"https:\/\/radis.ee\/de\/wp-json\/wp\/v2\/types\/post"}],"author":[{"embeddable":true,"href":"https:\/\/radis.ee\/de\/wp-json\/wp\/v2\/users\/2"}],"replies":[{"embeddable":true,"href":"https:\/\/radis.ee\/de\/wp-json\/wp\/v2\/comments?post=23159"}],"version-history":[{"count":0,"href":"https:\/\/radis.ee\/de\/wp-json\/wp\/v2\/posts\/23159\/revisions"}],"wp:featuredmedia":[{"embeddable":true,"href":"https:\/\/radis.ee\/de\/wp-json\/wp\/v2\/media\/23143"}],"wp:attachment":[{"href":"https:\/\/radis.ee\/de\/wp-json\/wp\/v2\/media?parent=23159"}],"wp:term":[{"taxonomy":"category","embeddable":true,"href":"https:\/\/radis.ee\/de\/wp-json\/wp\/v2\/categories?post=23159"},{"taxonomy":"post_tag","embeddable":true,"href":"https:\/\/radis.ee\/de\/wp-json\/wp\/v2\/tags?post=23159"}],"curies":[{"name":"wp","href":"https:\/\/api.w.org\/{rel}","templated":true}]}}