{"id":32374,"date":"2026-08-27T22:38:04","date_gmt":"2026-08-27T19:38:04","guid":{"rendered":"https:\/\/radis.ee\/radis-suundub-helsingi-sisustusmessile-habitare-2026\/"},"modified":"2026-08-27T22:49:38","modified_gmt":"2026-08-27T19:49:38","slug":"radis-suundub-helsingi-sisustusmessile-habitare-2026","status":"publish","type":"post","link":"https:\/\/radis.ee\/de\/radis-suundub-helsingi-sisustusmessile-habitare-2026\/","title":{"rendered":"Radis ist auf der Habitare 2026 in Helsinki!"},"content":{"rendered":"<p>Im September ist es endlich soweit: Radis pr\u00e4sentiert sich in Finnland auf der Habitare 2026, einer der wichtigsten Messen f\u00fcr Inneneinrichtung und M\u00f6bel in den nordischen L\u00e4ndern. Wir freuen uns darauf, Designbegeisterte, Innenarchitekten und Raumausstatter zu treffen und ihnen unsere neuesten Kollektionen und Materiall\u00f6sungen vorzustellen.<\/p>\n<p>Sie finden uns im estnischen Designbereich BLOCK, Stand 6V36.<\/p>\n<p>Produkte und L\u00f6sungen am Stand:<\/p>\n<p><strong>Kommode FLOATY mit TV-M\u00f6beln:<\/strong> Radis&#8216; innovatives Modell, nominiert f\u00fcr den renommierten Deutschen \u00d6kodesign-Preis. FLOATY besticht durch seine weichen, organischen Kurven und die umweltfreundliche L\u00f6sung.<\/p>\n<p><strong>Kommodenserie NOBLE:<\/strong> Eine M\u00f6belserie mit zeitloser \u00c4sthetik und praktischer Funktionalit\u00e4t, die jedem Raum Klarheit und W\u00e4rme verleiht.<\/p>\n<p><strong>CRANE Modulares Regalsystem f\u00fcrs Homeoffice:<\/strong> Ein intelligentes und flexibel anpassbares Regalsystem f\u00fcr einen modernen Arbeitsplatz.<\/p>\n<p><strong>Umfassende Materialauswahl:<\/strong> Vor Ort k\u00f6nnen Sie alle Radis-Materialien und Oberfl\u00e4chenmuster ansehen und die passende Textur und den richtigen Farbton f\u00fcr Ihr Projekt oder Ihr Zuhause ausw\u00e4hlen.<\/p>\n<p><strong>Special Event: Excursi\u00f3 \/ Estnische Designtour<\/strong><\/p>\n<p>Am Mittwoch, den 2. September, von 11:00 bis 11:30 Uhr findet eine informative F\u00fchrung statt, bei der Sie estnische Designer und Produkte besser kennenlernen k\u00f6nnen:<\/p>\n<p>Begleiten Sie uns auf einer F\u00fchrung durch die Habitare Estonian Design Ausstellung!<\/p>\n<p>Treffen Sie die Designer hinter den Kollektionen, erfahren Sie mehr \u00fcber ihre Arbeit und entdecken Sie zeitgen\u00f6ssisches estnisches Design \u2013 von zeitlosen M\u00f6beln und Leuchten \u00fcber innovative Wohnaccessoires bis hin zu wundersch\u00f6ner Keramik.<\/p>\n<p>Besuchen Sie uns an den BLOCK-St\u00e4nden 6V34, 6V36, 6V38 und 6V40!<\/p>\n<p>Wir freuen uns auf Ihren Besuch! Lernen Sie Neues, tauschen Sie sich aus und lassen Sie sich inspirieren. Wir sehen uns in Helsinki!<\/p>\n<p data-path-to-node=\"8\"><img loading=\"lazy\" decoding=\"async\" class=\"alignnone wp-image-32367\" src=\"https:\/\/radis.ee\/wp-content\/uploads\/2026\/08\/Habitare26_1200x600_en-1-300x157.jpg\" alt=\"\" width=\"550\" height=\"288\" srcset=\"https:\/\/radis.ee\/wp-content\/uploads\/2026\/08\/Habitare26_1200x600_en-1-300x157.jpg 300w, https:\/\/radis.ee\/wp-content\/uploads\/2026\/08\/Habitare26_1200x600_en-1-1024x536.jpg 1024w, https:\/\/radis.ee\/wp-content\/uploads\/2026\/08\/Habitare26_1200x600_en-1-600x314.jpg 600w, https:\/\/radis.ee\/wp-content\/uploads\/2026\/08\/Habitare26_1200x600_en-1-60x31.jpg 60w, https:\/\/radis.ee\/wp-content\/uploads\/2026\/08\/Habitare26_1200x600_en-1.jpg 1200w\" sizes=\"auto, (max-width: 550px) 100vw, 550px\" \/> <img loading=\"lazy\" decoding=\"async\" class=\"alignnone wp-image-24858\" src=\"https:\/\/radis.ee\/wp-content\/uploads\/2023\/06\/RADIS_shelf_CRANE_-L_-5_boxes_Oak_veneered_v2-300x200.jpg\" alt=\"Radis shelf CRANE L with 5 boxes oak veneered\" width=\"432\" height=\"288\" srcset=\"https:\/\/radis.ee\/wp-content\/uploads\/2023\/06\/RADIS_shelf_CRANE_-L_-5_boxes_Oak_veneered_v2-300x200.jpg 300w, https:\/\/radis.ee\/wp-content\/uploads\/2023\/06\/RADIS_shelf_CRANE_-L_-5_boxes_Oak_veneered_v2-1024x683.jpg 1024w, https:\/\/radis.ee\/wp-content\/uploads\/2023\/06\/RADIS_shelf_CRANE_-L_-5_boxes_Oak_veneered_v2-600x400.jpg 600w, https:\/\/radis.ee\/wp-content\/uploads\/2023\/06\/RADIS_shelf_CRANE_-L_-5_boxes_Oak_veneered_v2-60x40.jpg 60w, https:\/\/radis.ee\/wp-content\/uploads\/2023\/06\/RADIS_shelf_CRANE_-L_-5_boxes_Oak_veneered_v2-135x90.jpg 135w, https:\/\/radis.ee\/wp-content\/uploads\/2023\/06\/RADIS_shelf_CRANE_-L_-5_boxes_Oak_veneered_v2.jpg 1350w\" sizes=\"auto, (max-width: 432px) 100vw, 432px\" \/> <img loading=\"lazy\" decoding=\"async\" class=\"alignnone wp-image-30043\" src=\"https:\/\/radis.ee\/wp-content\/uploads\/2022\/10\/Radis_sideboard_with_glassdoors_NOBLE_180cm_Oak_veneerd_plywood_interior_2-258x300.webp\" alt=\"Radis sideboard with glass doors NOBLE Oak veneered plywood\" width=\"248\" height=\"288\" srcset=\"https:\/\/radis.ee\/wp-content\/uploads\/2022\/10\/Radis_sideboard_with_glassdoors_NOBLE_180cm_Oak_veneerd_plywood_interior_2-258x300.webp 258w, https:\/\/radis.ee\/wp-content\/uploads\/2022\/10\/Radis_sideboard_with_glassdoors_NOBLE_180cm_Oak_veneerd_plywood_interior_2-600x698.webp 600w, https:\/\/radis.ee\/wp-content\/uploads\/2022\/10\/Radis_sideboard_with_glassdoors_NOBLE_180cm_Oak_veneerd_plywood_interior_2-52x60.webp 52w, https:\/\/radis.ee\/wp-content\/uploads\/2022\/10\/Radis_sideboard_with_glassdoors_NOBLE_180cm_Oak_veneerd_plywood_interior_2.webp 689w\" sizes=\"auto, (max-width: 248px) 100vw, 248px\" \/><\/p>\n","protected":false},"excerpt":{"rendered":"<p>Im September ist es endlich soweit: Radis pr\u00e4sentiert sich in Finnland auf der Habitare 2026, einer der wichtigsten Messen f\u00fcr Inneneinrichtung und M\u00f6bel in den nordischen L\u00e4ndern. Wir freuen uns darauf, Designbegeisterte, Innenarchitekten und Raumausstatter zu treffen und ihnen unsere neuesten Kollektionen und Materiall\u00f6sungen vorzustellen. Sie finden uns im estnischen Designbereich BLOCK, Stand 6V36. Produkte&#8230;<\/p>\n","protected":false},"author":2,"featured_media":32375,"comment_status":"open","ping_status":"open","sticky":false,"template":"","format":"standard","meta":{"_acf_changed":false,"footnotes":""},"categories":[575],"tags":[],"class_list":["post-32374","post","type-post","status-publish","format-standard","has-post-thumbnail","hentry","category-blogi-de"],"acf":[],"yoast_head":"<!-- This site is optimized with the Yoast SEO plugin v28.4 - https:\/\/yoast.com\/product\/yoast-seo-wordpress\/ -->\n<title>Radis ist auf der Habitare 2026 in Helsinki! - Radis<\/title>\n<meta name=\"robots\" content=\"index, follow, max-snippet:-1, max-image-preview:large, max-video-preview:-1\" \/>\n<link rel=\"canonical\" href=\"https:\/\/radis.ee\/de\/radis-suundub-helsingi-sisustusmessile-habitare-2026\/\" \/>\n<meta property=\"og:locale\" content=\"de_DE\" \/>\n<meta property=\"og:type\" content=\"article\" \/>\n<meta property=\"og:title\" content=\"Radis ist auf der Habitare 2026 in Helsinki! - Radis\" \/>\n<meta property=\"og:description\" content=\"Im September ist es endlich soweit: Radis pr\u00e4sentiert sich in Finnland auf der Habitare 2026, einer der wichtigsten Messen f\u00fcr Inneneinrichtung und M\u00f6bel in den nordischen L\u00e4ndern. Wir freuen uns darauf, Designbegeisterte, Innenarchitekten und Raumausstatter zu treffen und ihnen unsere neuesten Kollektionen und Materiall\u00f6sungen vorzustellen. Sie finden uns im estnischen Designbereich BLOCK, Stand 6V36. Produkte...\" \/>\n<meta property=\"og:url\" content=\"https:\/\/radis.ee\/de\/radis-suundub-helsingi-sisustusmessile-habitare-2026\/\" \/>\n<meta property=\"og:site_name\" content=\"Radis\" \/>\n<meta property=\"article:publisher\" content=\"https:\/\/www.facebook.com\/radisfurniture\/\" \/>\n<meta property=\"article:published_time\" content=\"2026-08-27T19:38:04+00:00\" \/>\n<meta property=\"article:modified_time\" content=\"2026-08-27T19:49:38+00:00\" \/>\n<meta property=\"og:image\" content=\"https:\/\/radis.ee\/wp-content\/uploads\/2026\/08\/Habitare26_1200x600_en.jpg\" \/>\n\t<meta property=\"og:image:width\" content=\"1200\" \/>\n\t<meta property=\"og:image:height\" content=\"628\" \/>\n\t<meta property=\"og:image:type\" content=\"image\/jpeg\" \/>\n<meta name=\"author\" content=\"Mauri Abner\" \/>\n<meta name=\"twitter:card\" content=\"summary_large_image\" \/>\n<meta name=\"twitter:label1\" content=\"Verfasst von\" \/>\n\t<meta name=\"twitter:data1\" content=\"Mauri Abner\" \/>\n\t<meta name=\"twitter:label2\" content=\"Gesch\u00e4tzte Lesezeit\" \/>\n\t<meta name=\"twitter:data2\" content=\"2\u00a0Minuten\" \/>\n<script type=\"application\/ld+json\" class=\"yoast-schema-graph\">{\"@context\":\"https:\\\/\\\/schema.org\",\"@graph\":[{\"@type\":\"Article\",\"@id\":\"https:\\\/\\\/radis.ee\\\/de\\\/radis-suundub-helsingi-sisustusmessile-habitare-2026\\\/#article\",\"isPartOf\":{\"@id\":\"https:\\\/\\\/radis.ee\\\/de\\\/radis-suundub-helsingi-sisustusmessile-habitare-2026\\\/\"},\"author\":{\"name\":\"Mauri Abner\",\"@id\":\"https:\\\/\\\/radis.ee\\\/#\\\/schema\\\/person\\\/82b3717747b95054e374cb142668774b\"},\"headline\":\"Radis ist auf der Habitare 2026 in Helsinki!\",\"datePublished\":\"2026-08-27T19:38:04+00:00\",\"dateModified\":\"2026-08-27T19:49:38+00:00\",\"mainEntityOfPage\":{\"@id\":\"https:\\\/\\\/radis.ee\\\/de\\\/radis-suundub-helsingi-sisustusmessile-habitare-2026\\\/\"},\"wordCount\":277,\"commentCount\":0,\"publisher\":{\"@id\":\"https:\\\/\\\/radis.ee\\\/#organization\"},\"image\":{\"@id\":\"https:\\\/\\\/radis.ee\\\/de\\\/radis-suundub-helsingi-sisustusmessile-habitare-2026\\\/#primaryimage\"},\"thumbnailUrl\":\"https:\\\/\\\/radis.ee\\\/wp-content\\\/uploads\\\/2026\\\/08\\\/Habitare26_1200x600_en.jpg\",\"articleSection\":[\"Blogi\"],\"inLanguage\":\"de\",\"potentialAction\":[{\"@type\":\"CommentAction\",\"name\":\"Comment\",\"target\":[\"https:\\\/\\\/radis.ee\\\/de\\\/radis-suundub-helsingi-sisustusmessile-habitare-2026\\\/#respond\"]}]},{\"@type\":\"WebPage\",\"@id\":\"https:\\\/\\\/radis.ee\\\/de\\\/radis-suundub-helsingi-sisustusmessile-habitare-2026\\\/\",\"url\":\"https:\\\/\\\/radis.ee\\\/de\\\/radis-suundub-helsingi-sisustusmessile-habitare-2026\\\/\",\"name\":\"Radis ist auf der Habitare 2026 in Helsinki! - Radis\",\"isPartOf\":{\"@id\":\"https:\\\/\\\/radis.ee\\\/#website\"},\"primaryImageOfPage\":{\"@id\":\"https:\\\/\\\/radis.ee\\\/de\\\/radis-suundub-helsingi-sisustusmessile-habitare-2026\\\/#primaryimage\"},\"image\":{\"@id\":\"https:\\\/\\\/radis.ee\\\/de\\\/radis-suundub-helsingi-sisustusmessile-habitare-2026\\\/#primaryimage\"},\"thumbnailUrl\":\"https:\\\/\\\/radis.ee\\\/wp-content\\\/uploads\\\/2026\\\/08\\\/Habitare26_1200x600_en.jpg\",\"datePublished\":\"2026-08-27T19:38:04+00:00\",\"dateModified\":\"2026-08-27T19:49:38+00:00\",\"breadcrumb\":{\"@id\":\"https:\\\/\\\/radis.ee\\\/de\\\/radis-suundub-helsingi-sisustusmessile-habitare-2026\\\/#breadcrumb\"},\"inLanguage\":\"de\",\"potentialAction\":[{\"@type\":\"ReadAction\",\"target\":[\"https:\\\/\\\/radis.ee\\\/de\\\/radis-suundub-helsingi-sisustusmessile-habitare-2026\\\/\"]}]},{\"@type\":\"ImageObject\",\"inLanguage\":\"de\",\"@id\":\"https:\\\/\\\/radis.ee\\\/de\\\/radis-suundub-helsingi-sisustusmessile-habitare-2026\\\/#primaryimage\",\"url\":\"https:\\\/\\\/radis.ee\\\/wp-content\\\/uploads\\\/2026\\\/08\\\/Habitare26_1200x600_en.jpg\",\"contentUrl\":\"https:\\\/\\\/radis.ee\\\/wp-content\\\/uploads\\\/2026\\\/08\\\/Habitare26_1200x600_en.jpg\",\"width\":1200,\"height\":628},{\"@type\":\"BreadcrumbList\",\"@id\":\"https:\\\/\\\/radis.ee\\\/de\\\/radis-suundub-helsingi-sisustusmessile-habitare-2026\\\/#breadcrumb\",\"itemListElement\":[{\"@type\":\"ListItem\",\"position\":1,\"name\":\"Home\",\"item\":\"https:\\\/\\\/radis.ee\\\/\"},{\"@type\":\"ListItem\",\"position\":2,\"name\":\"Radis ist auf der Habitare 2026 in Helsinki!\"}]},{\"@type\":\"WebSite\",\"@id\":\"https:\\\/\\\/radis.ee\\\/#website\",\"url\":\"https:\\\/\\\/radis.ee\\\/\",\"name\":\"Radis\",\"description\":\"Nordic design furniture, environmentally friendly and sustainable.\",\"publisher\":{\"@id\":\"https:\\\/\\\/radis.ee\\\/#organization\"},\"potentialAction\":[{\"@type\":\"SearchAction\",\"target\":{\"@type\":\"EntryPoint\",\"urlTemplate\":\"https:\\\/\\\/radis.ee\\\/?s={search_term_string}\"},\"query-input\":{\"@type\":\"PropertyValueSpecification\",\"valueRequired\":true,\"valueName\":\"search_term_string\"}}],\"inLanguage\":\"de\"},{\"@type\":\"Organization\",\"@id\":\"https:\\\/\\\/radis.ee\\\/#organization\",\"name\":\"Radis O\u00dc\",\"url\":\"https:\\\/\\\/radis.ee\\\/\",\"logo\":{\"@type\":\"ImageObject\",\"inLanguage\":\"de\",\"@id\":\"https:\\\/\\\/radis.ee\\\/#\\\/schema\\\/logo\\\/image\\\/\",\"url\":\"https:\\\/\\\/radis.ee\\\/wp-content\\\/uploads\\\/2020\\\/10\\\/Radis-logo.png\",\"contentUrl\":\"https:\\\/\\\/radis.ee\\\/wp-content\\\/uploads\\\/2020\\\/10\\\/Radis-logo.png\",\"width\":300,\"height\":63,\"caption\":\"Radis O\u00dc\"},\"image\":{\"@id\":\"https:\\\/\\\/radis.ee\\\/#\\\/schema\\\/logo\\\/image\\\/\"},\"sameAs\":[\"https:\\\/\\\/www.facebook.com\\\/radisfurniture\\\/\"]},{\"@type\":\"Person\",\"@id\":\"https:\\\/\\\/radis.ee\\\/#\\\/schema\\\/person\\\/82b3717747b95054e374cb142668774b\",\"name\":\"Mauri Abner\",\"url\":\"https:\\\/\\\/radis.ee\\\/de\\\/author\\\/mauri\\\/\"}]}<\/script>\n<!-- \/ Yoast SEO plugin. -->","yoast_head_json":{"title":"Radis ist auf der Habitare 2026 in Helsinki! - Radis","robots":{"index":"index","follow":"follow","max-snippet":"max-snippet:-1","max-image-preview":"max-image-preview:large","max-video-preview":"max-video-preview:-1"},"canonical":"https:\/\/radis.ee\/de\/radis-suundub-helsingi-sisustusmessile-habitare-2026\/","og_locale":"de_DE","og_type":"article","og_title":"Radis ist auf der Habitare 2026 in Helsinki! - Radis","og_description":"Im September ist es endlich soweit: Radis pr\u00e4sentiert sich in Finnland auf der Habitare 2026, einer der wichtigsten Messen f\u00fcr Inneneinrichtung und M\u00f6bel in den nordischen L\u00e4ndern. Wir freuen uns darauf, Designbegeisterte, Innenarchitekten und Raumausstatter zu treffen und ihnen unsere neuesten Kollektionen und Materiall\u00f6sungen vorzustellen. Sie finden uns im estnischen Designbereich BLOCK, Stand 6V36. Produkte...","og_url":"https:\/\/radis.ee\/de\/radis-suundub-helsingi-sisustusmessile-habitare-2026\/","og_site_name":"Radis","article_publisher":"https:\/\/www.facebook.com\/radisfurniture\/","article_published_time":"2026-08-27T19:38:04+00:00","article_modified_time":"2026-08-27T19:49:38+00:00","og_image":[{"width":1200,"height":628,"url":"https:\/\/radis.ee\/wp-content\/uploads\/2026\/08\/Habitare26_1200x600_en.jpg","type":"image\/jpeg"}],"author":"Mauri Abner","twitter_card":"summary_large_image","twitter_misc":{"Verfasst von":"Mauri Abner","Gesch\u00e4tzte Lesezeit":"2\u00a0Minuten"},"schema":{"@context":"https:\/\/schema.org","@graph":[{"@type":"Article","@id":"https:\/\/radis.ee\/de\/radis-suundub-helsingi-sisustusmessile-habitare-2026\/#article","isPartOf":{"@id":"https:\/\/radis.ee\/de\/radis-suundub-helsingi-sisustusmessile-habitare-2026\/"},"author":{"name":"Mauri Abner","@id":"https:\/\/radis.ee\/#\/schema\/person\/82b3717747b95054e374cb142668774b"},"headline":"Radis ist auf der Habitare 2026 in Helsinki!","datePublished":"2026-08-27T19:38:04+00:00","dateModified":"2026-08-27T19:49:38+00:00","mainEntityOfPage":{"@id":"https:\/\/radis.ee\/de\/radis-suundub-helsingi-sisustusmessile-habitare-2026\/"},"wordCount":277,"commentCount":0,"publisher":{"@id":"https:\/\/radis.ee\/#organization"},"image":{"@id":"https:\/\/radis.ee\/de\/radis-suundub-helsingi-sisustusmessile-habitare-2026\/#primaryimage"},"thumbnailUrl":"https:\/\/radis.ee\/wp-content\/uploads\/2026\/08\/Habitare26_1200x600_en.jpg","articleSection":["Blogi"],"inLanguage":"de","potentialAction":[{"@type":"CommentAction","name":"Comment","target":["https:\/\/radis.ee\/de\/radis-suundub-helsingi-sisustusmessile-habitare-2026\/#respond"]}]},{"@type":"WebPage","@id":"https:\/\/radis.ee\/de\/radis-suundub-helsingi-sisustusmessile-habitare-2026\/","url":"https:\/\/radis.ee\/de\/radis-suundub-helsingi-sisustusmessile-habitare-2026\/","name":"Radis ist auf der Habitare 2026 in Helsinki! - Radis","isPartOf":{"@id":"https:\/\/radis.ee\/#website"},"primaryImageOfPage":{"@id":"https:\/\/radis.ee\/de\/radis-suundub-helsingi-sisustusmessile-habitare-2026\/#primaryimage"},"image":{"@id":"https:\/\/radis.ee\/de\/radis-suundub-helsingi-sisustusmessile-habitare-2026\/#primaryimage"},"thumbnailUrl":"https:\/\/radis.ee\/wp-content\/uploads\/2026\/08\/Habitare26_1200x600_en.jpg","datePublished":"2026-08-27T19:38:04+00:00","dateModified":"2026-08-27T19:49:38+00:00","breadcrumb":{"@id":"https:\/\/radis.ee\/de\/radis-suundub-helsingi-sisustusmessile-habitare-2026\/#breadcrumb"},"inLanguage":"de","potentialAction":[{"@type":"ReadAction","target":["https:\/\/radis.ee\/de\/radis-suundub-helsingi-sisustusmessile-habitare-2026\/"]}]},{"@type":"ImageObject","inLanguage":"de","@id":"https:\/\/radis.ee\/de\/radis-suundub-helsingi-sisustusmessile-habitare-2026\/#primaryimage","url":"https:\/\/radis.ee\/wp-content\/uploads\/2026\/08\/Habitare26_1200x600_en.jpg","contentUrl":"https:\/\/radis.ee\/wp-content\/uploads\/2026\/08\/Habitare26_1200x600_en.jpg","width":1200,"height":628},{"@type":"BreadcrumbList","@id":"https:\/\/radis.ee\/de\/radis-suundub-helsingi-sisustusmessile-habitare-2026\/#breadcrumb","itemListElement":[{"@type":"ListItem","position":1,"name":"Home","item":"https:\/\/radis.ee\/"},{"@type":"ListItem","position":2,"name":"Radis ist auf der Habitare 2026 in Helsinki!"}]},{"@type":"WebSite","@id":"https:\/\/radis.ee\/#website","url":"https:\/\/radis.ee\/","name":"Radis","description":"Nordic design furniture, environmentally friendly and sustainable.","publisher":{"@id":"https:\/\/radis.ee\/#organization"},"potentialAction":[{"@type":"SearchAction","target":{"@type":"EntryPoint","urlTemplate":"https:\/\/radis.ee\/?s={search_term_string}"},"query-input":{"@type":"PropertyValueSpecification","valueRequired":true,"valueName":"search_term_string"}}],"inLanguage":"de"},{"@type":"Organization","@id":"https:\/\/radis.ee\/#organization","name":"Radis O\u00dc","url":"https:\/\/radis.ee\/","logo":{"@type":"ImageObject","inLanguage":"de","@id":"https:\/\/radis.ee\/#\/schema\/logo\/image\/","url":"https:\/\/radis.ee\/wp-content\/uploads\/2020\/10\/Radis-logo.png","contentUrl":"https:\/\/radis.ee\/wp-content\/uploads\/2020\/10\/Radis-logo.png","width":300,"height":63,"caption":"Radis O\u00dc"},"image":{"@id":"https:\/\/radis.ee\/#\/schema\/logo\/image\/"},"sameAs":["https:\/\/www.facebook.com\/radisfurniture\/"]},{"@type":"Person","@id":"https:\/\/radis.ee\/#\/schema\/person\/82b3717747b95054e374cb142668774b","name":"Mauri Abner","url":"https:\/\/radis.ee\/de\/author\/mauri\/"}]}},"_links":{"self":[{"href":"https:\/\/radis.ee\/de\/wp-json\/wp\/v2\/posts\/32374","targetHints":{"allow":["GET"]}}],"collection":[{"href":"https:\/\/radis.ee\/de\/wp-json\/wp\/v2\/posts"}],"about":[{"href":"https:\/\/radis.ee\/de\/wp-json\/wp\/v2\/types\/post"}],"author":[{"embeddable":true,"href":"https:\/\/radis.ee\/de\/wp-json\/wp\/v2\/users\/2"}],"replies":[{"embeddable":true,"href":"https:\/\/radis.ee\/de\/wp-json\/wp\/v2\/comments?post=32374"}],"version-history":[{"count":0,"href":"https:\/\/radis.ee\/de\/wp-json\/wp\/v2\/posts\/32374\/revisions"}],"wp:featuredmedia":[{"embeddable":true,"href":"https:\/\/radis.ee\/de\/wp-json\/wp\/v2\/media\/32375"}],"wp:attachment":[{"href":"https:\/\/radis.ee\/de\/wp-json\/wp\/v2\/media?parent=32374"}],"wp:term":[{"taxonomy":"category","embeddable":true,"href":"https:\/\/radis.ee\/de\/wp-json\/wp\/v2\/categories?post=32374"},{"taxonomy":"post_tag","embeddable":true,"href":"https:\/\/radis.ee\/de\/wp-json\/wp\/v2\/tags?post=32374"}],"curies":[{"name":"wp","href":"https:\/\/api.w.org\/{rel}","templated":true}]}}