{"id":10138,"date":"2021-05-07T16:41:18","date_gmt":"2021-05-07T13:41:18","guid":{"rendered":"https:\/\/radis.ee\/kaks-erakordset-naist-kodused-tegevused-filmiohtud-esteetika-paevarutmi-ja-sotsiaalse-uhenduvuse-tipp-mis-veel\/"},"modified":"2021-05-18T15:32:15","modified_gmt":"2021-05-18T12:32:15","slug":"kaksi-ylimaaraista-naista-kotiin-saapuvat-tilapaiset-aktiviteetit-elokuvaillat-estetiikan-huippu-paivarytmi-ja-sosiaalinen-yhteys-mita-viela","status":"publish","type":"post","link":"https:\/\/radis.ee\/fi\/kaksi-ylimaaraista-naista-kotiin-saapuvat-tilapaiset-aktiviteetit-elokuvaillat-estetiikan-huippu-paivarytmi-ja-sosiaalinen-yhteys-mita-viela\/","title":{"rendered":"Kaksi ylim\u00e4\u00e4r\u00e4ist\u00e4 naista, kotiin saapuvat tilap\u00e4iset aktiviteetit, elokuvaillat, estetiikan huippu, p\u00e4iv\u00e4rytmi ja sosiaalinen yhteys. Mit\u00e4 viel\u00e4?"},"content":{"rendered":"<p>Kuten monet meist\u00e4 tiet\u00e4v\u00e4t, kotitoimistot ovat olleet viimeisimpi\u00e4 aiheitamme, ja Radis Furniture on tuonut markkinoille useita kokoelmia, jotka antavat mahdollisuuden parantaa ty\u00f6skentelyilmaisuja saavutettavissa olevissa tiloissa kotona tai muualla.<\/p>\n<p><strong>Anne Vingisar<\/strong> tiet\u00e4\u00e4 lopullisen materiaalin aina pienimp\u00e4\u00e4nkin naarmuun asti. Tallinnan taideakatemian arkkitehtina alumna, h\u00e4n aloitti uransa projekteilla, kuten Gwangju FollyIII: n (Etel\u00e4-Korea 2016) paviljongispektri, Tallinnan tavaratalo (2017), Kansallinen yleisradioyhti\u00f6 (2019), Kansallismuseo laajennusprojekti (2019), h\u00e4n ei voi vastustaa n\u00e4yttelytilaa tai upeita sisustussuunnitteluprojekteja, eik\u00e4 meill\u00e4 ole mit\u00e4\u00e4n ongelmaa. Koska emme my\u00f6sk\u00e4\u00e4n voi vastustaa k\u00e4\u00e4nteit\u00e4, meill\u00e4 on my\u00f6s erillisille vaiheille tuotesuunnittelija <strong>Merike Liiva<\/strong>, jolla on vahva sidos k\u00e4yt\u00e4nn\u00f6n asiaan. H\u00e4nen aikaisempiin hankkeisiinsa sis\u00e4ltyi tapaustutkimuksia kulttimerkinn\u00f6ist\u00e4, masennuksen leimautumisen parantamisesta, psykologisista tukialustoista, Melbournen kahvilan ruokalajista ja vanerista riippuvalosta, jotta pakkaus olisi mahdollisimman v\u00e4h\u00e4ist\u00e4, koska joskus tuotteen toimitus on jopa kalliimpaa kuin itse. Molemmat voimat haastatteli <strong>Maris Vahter<\/strong> <strong>Radis Furnitureista<\/strong>.<\/p>\n<p><img loading=\"lazy\" decoding=\"async\" class=\"alignnone size-medium wp-image-10116\" src=\"https:\/\/radis.ee\/wp-content\/uploads\/2021\/05\/Anne_Vingisar-300x300.jpg\" alt=\"Anne Vingisar\" width=\"300\" height=\"300\" srcset=\"https:\/\/radis.ee\/wp-content\/uploads\/2021\/05\/Anne_Vingisar-300x300.jpg 300w, https:\/\/radis.ee\/wp-content\/uploads\/2021\/05\/Anne_Vingisar-150x150.jpg 150w, https:\/\/radis.ee\/wp-content\/uploads\/2021\/05\/Anne_Vingisar-450x450.jpg 450w, https:\/\/radis.ee\/wp-content\/uploads\/2021\/05\/Anne_Vingisar-600x600.jpg 600w, https:\/\/radis.ee\/wp-content\/uploads\/2021\/05\/Anne_Vingisar-36x36.jpg 36w, https:\/\/radis.ee\/wp-content\/uploads\/2021\/05\/Anne_Vingisar.jpg 723w\" sizes=\"auto, (max-width: 300px) 100vw, 300px\" \/> <img loading=\"lazy\" decoding=\"async\" class=\"alignnone size-medium wp-image-10122\" src=\"https:\/\/radis.ee\/wp-content\/uploads\/2021\/05\/Merike_Liiva-300x300.jpg\" alt=\"Merike Liiva\" width=\"300\" height=\"300\" srcset=\"https:\/\/radis.ee\/wp-content\/uploads\/2021\/05\/Merike_Liiva-300x300.jpg 300w, https:\/\/radis.ee\/wp-content\/uploads\/2021\/05\/Merike_Liiva-150x150.jpg 150w, https:\/\/radis.ee\/wp-content\/uploads\/2021\/05\/Merike_Liiva-450x450.jpg 450w, https:\/\/radis.ee\/wp-content\/uploads\/2021\/05\/Merike_Liiva-600x600.jpg 600w, https:\/\/radis.ee\/wp-content\/uploads\/2021\/05\/Merike_Liiva-36x36.jpg 36w, https:\/\/radis.ee\/wp-content\/uploads\/2021\/05\/Merike_Liiva.jpg 723w\" sizes=\"auto, (max-width: 300px) 100vw, 300px\" \/><\/p>\n<blockquote><p>Arkkitehti Anne Vingisar ja tuotesuunnittelija Merike Liiva \u00a9 yksityinen kokoelma<\/p><\/blockquote>\n<p><strong>Maris: Tietoja ty\u00f6paikan parantamisesta kotona. &#8221;Ty\u00f6skentely kotona&#8221; -tila on ollut jo jonkin vuoden ajan. Kaikki vinkit t\u00e4m\u00e4n siirt\u00e4miseksi seuraavalle tasolle. Mit\u00e4 asioita ja ohjeita pit\u00e4isi johtaa meihin tulevaisuuteen?<\/strong><\/p>\n<p><strong>Anne:<\/strong><\/p>\n<p>Ty\u00f6tilan parantaminen tarkoittaa kodin parantamista! Kotiinpaluuhetkell\u00e4 tarvitsemme sis\u00e4tilojemme olevan joustavia, jotta ne sopivat erilaisiin v\u00e4liaikaisiin aktiviteetteihin koko p\u00e4iv\u00e4n ajan. T\u00e4rkeint\u00e4 on, ett\u00e4 meid\u00e4n on nautittava tilasta riippumatta toiminnasta, jolla se sill\u00e4 hetkell\u00e4 on. Tila, joka tuntuu turvalliselta &#8211; miss\u00e4 n\u00e4et rehellisi\u00e4 materiaaleja (laatu ja luonnollisuus), sinulla ei ole liikaa asioita, joten et henkisesti hukkua ja mieless\u00e4 ostettuja huonekaluja, jotka auttavat muuttamaan tilan toimintaa.<\/p>\n<p>Ihmiset arvostavat kotejaan aikaisempaa enemm\u00e4n ja pyrkiv\u00e4t tekem\u00e4\u00e4n tiloista toimivampia ja sujuvampia tarkoituksiinsa. Alik\u00e4ytt\u00f6isi\u00e4 tiloja k\u00e4ytet\u00e4\u00e4n nyt eri tavoin, v\u00e4liaikaisiksi toimistoiksi muutettavista auloista autotalleihin, joista tulee elokuvailta.<\/p>\n<p>Uusi kotitoimisto on monitoimitila tai usein sarja monitoimitiloja talossa tai huoneistossa. Perheenj\u00e4senten majoittaminen ty\u00f6skentelee tai opiskelee huoneiden eri osissa v\u00e4liaikaisesti erottamalla verhot, lasisein\u00e4t tai puiset kylkiluut. Huoneen erottimet auttavat avaamaan ja sulkemaan tilan vastaavasti &#8211; helpottamaan vaihtelua yksityisen ja julkisen v\u00e4lill\u00e4 ty\u00f6n luonteesta riippuen teht\u00e4v\u00e4 k\u00e4dess\u00e4. T\u00e4m\u00e4 voitaisiin tehd\u00e4 my\u00f6s huonekaluilla, siirt\u00e4m\u00e4ll\u00e4 niit\u00e4 p\u00e4ivitt\u00e4isen rytmin ja sosiaalisen yhteyden tai l\u00e4heisyyden mukaan kohdennuksen aikana.<\/p>\n<p>Ihailen, kuinka uskomattoman tiheiss\u00e4 maissa he ovat onnistuneet suojaamaan yksityisyyden ja yksil\u00f6llisen tilan k\u00e4sitteit\u00e4 sek\u00e4 herkkyytt\u00e4 yksil\u00f6n ja perheen suhteelle. Hallinta yleens\u00e4 hyvin pieness\u00e4 tilassa eritt\u00e4in huolellisesti kerrostetun suunnittelun avulla yksityisest\u00e4 julkiseen. Muutettavissa oleva tila on tulevaisuus, ja kun ajattelemme sit\u00e4 samanaikaisesti, se on aina ollut olennainen tapa t\u00e4ytt\u00e4\u00e4 inhimilliset paikkatarpeet. Pandemia on aiheuttanut muutoksen asumisessa, ty\u00f6skentelyss\u00e4 ja luomisessa, ja se on tuonut uuden painopisteen toiminnalle ja joustavuudelle estetiikan ja ylellisyyden lis\u00e4ksi t\u00e4ss\u00e4 uudessa normaaluudessa. Yksinkertaisesti sanottu, ett\u00e4 kodin ei pit\u00e4isi n\u00e4ytt\u00e4\u00e4 toimistolta, kun sit\u00e4 ei k\u00e4ytet\u00e4 ty\u00f6tilana.<\/p>\n<p>Pandemian vaikutus sisustussuunnitteluun voidaan parhaiten tiivist\u00e4\u00e4 syventyneen\u00e4 keskittym\u00e4n\u00e4 hyvin rajattuihin ja mukautuviin tiloihin. Se oli aina jossain asuimme, mutta viime aikoina olemme menett\u00e4neet yhteyden siihen, mit\u00e4 se aina k\u00e4ytti &#8211; suojaa meit\u00e4, suojelee meit\u00e4. Kodista oli tullut omaisuutta osoitettavaksi &#8211; ylellisyystuote ja tukikohdat viett\u00e4\u00e4 aikamme muualla. Kaikki muuttui vuoden kuluessa. Kaikki t\u00e4m\u00e4 aliarvioi suunnittelun merkityksen, joka ei liity pelk\u00e4st\u00e4\u00e4n pintaan, vaan toimintaan ja merkitykseen. Parannuksen ytimess\u00e4 on yksinkertaisuus.<\/p>\n<p>Jotta kodit olisivat turvapaikkoja ja turvapaikkoja, meid\u00e4n tulisi valita v\u00e4rit, jotka edist\u00e4v\u00e4t rauhaa, hyvinvointia ja yhteytt\u00e4 luontoon. Tekstuurit, jotka koskevat v\u00e4hemm\u00e4n n\u00e4ytt\u00f6\u00e4 ja enemm\u00e4n mukavuutta ja rehellist\u00e4 materiaalisuutta. Vahvempi yhteys luontoon t\u00e4n\u00e4 aikana on tullut v\u00e4ltt\u00e4m\u00e4t\u00f6nt\u00e4. Sis\u00e4- ja ulkotilojen yhdist\u00e4minen on edelleen yhteinen lanka parantaa hyvinvointia koko ty\u00f6p\u00e4iv\u00e4n ajan. Kasvien ja luonnonpuurakenteiden tuominen kotitoimistoon korostamaan orgaanisia ja luonnonmateriaaleja. Erilaiset sairaalatutkimukset ovat osoittaneet, ett\u00e4 sairaalahuoneet, joissa on luonnonmateriaaleja, auttavat ihmisi\u00e4 parantamaan melkein 30% nopeammin. Ty\u00f6m\u00e4\u00e4r\u00e4n ja et\u00e4ty\u00f6n henkist\u00e4 stressi\u00e4 voitaisiin v\u00e4hent\u00e4\u00e4 samoilla luonnollisilla materiaaleilla, joilla on niin t\u00e4rke\u00e4 taustavaikutus.\u00a0Visuaalisesti suuret ikkunat ja liukuovet, jotka tuovat ulkopuolen vehre\u00e4\u00e4n ja luonnon innoittamiin v\u00e4reihin, muotoilu, joka parantaa yhteytemme ymp\u00e4rist\u00f6\u00f6n, on avain henkisen ja fyysisen hyvinvoinnin lis\u00e4\u00e4miseksi, kun bunkkimme kotimme.<\/p>\n<p>Sisustussuunnittelun kautta ilon, mielekkyyden ja yhteyden voima tulee alkuaineiden &#8211; luonnon p\u00e4iv\u00e4nvalon, luonnonmateriaalien, hyv\u00e4n sis\u00e4ilman laadun, visuaalisen ja fyysisen yhteyden kautta laadukkaaseen ulkotilaan. Mielest\u00e4ni tilan parantamiseksi meid\u00e4n on mietitt\u00e4v\u00e4 enemm\u00e4n siit\u00e4, mik\u00e4 on olennaista kokemukselle siit\u00e4, miten haluamme el\u00e4\u00e4. Ja kuinka haluamme ty\u00f6skennell\u00e4. Oletan, ett\u00e4 ihmisill\u00e4 on erilaiset pyrkimykset ja odotukset avaruuteen pandemian j\u00e4lkeen. Se muistuttaa meit\u00e4 siit\u00e4, kuinka t\u00e4rkeit\u00e4 talomme ovat p\u00e4ivitt\u00e4iselle hyvinvoinnillemme.<\/p>\n<p><strong>Merike:<\/strong> Luo itsellesi ty\u00f6piste, jossa teet vain t\u00f6it\u00e4, \u00e4l\u00e4 levit\u00e4 ty\u00f6tilaa kotiin. Muuten on vaikeaa kytke\u00e4 itsesi p\u00e4\u00e4lle ja pois ty\u00f6st\u00e4. Ota ty\u00f6si seuraavalle tasolle oppimalla syv\u00e4\u00e4 ty\u00f6t\u00e4 ja harjoittelemalla sit\u00e4.<\/p>\n<p><strong><img loading=\"lazy\" decoding=\"async\" class=\"alignnone wp-image-6376\" src=\"https:\/\/radis.ee\/wp-content\/uploads\/2020\/12\/Radis_desk_VISTA_white_HPL_electrical_legs_white-300x300.jpg\" alt=\"DESK VISTA WITH ELECTRICAL LEGS\" width=\"505\" height=\"505\" srcset=\"https:\/\/radis.ee\/wp-content\/uploads\/2020\/12\/Radis_desk_VISTA_white_HPL_electrical_legs_white-300x300.jpg 300w, https:\/\/radis.ee\/wp-content\/uploads\/2020\/12\/Radis_desk_VISTA_white_HPL_electrical_legs_white-1024x1024.jpg 1024w, https:\/\/radis.ee\/wp-content\/uploads\/2020\/12\/Radis_desk_VISTA_white_HPL_electrical_legs_white-150x150.jpg 150w, https:\/\/radis.ee\/wp-content\/uploads\/2020\/12\/Radis_desk_VISTA_white_HPL_electrical_legs_white-450x450.jpg 450w, https:\/\/radis.ee\/wp-content\/uploads\/2020\/12\/Radis_desk_VISTA_white_HPL_electrical_legs_white-600x600.jpg 600w, https:\/\/radis.ee\/wp-content\/uploads\/2020\/12\/Radis_desk_VISTA_white_HPL_electrical_legs_white-36x36.jpg 36w\" sizes=\"auto, (max-width: 505px) 100vw, 505px\" \/><\/strong><\/p>\n<blockquote><p>S\u00e4\u00e4dett\u00e4v\u00e4 korkeusp\u00f6yt\u00e4 VISTA \u00a9 Radis Furniture<\/p><\/blockquote>\n<p><strong>Maris: Milloin aloitetaan, milloin p\u00e4iv\u00e4 p\u00e4\u00e4tet\u00e4\u00e4n, miten se t\u00e4ytet\u00e4\u00e4n tuoreudella ja ent\u00e4 pienet yksityiskohdat ja harjoittelu motivoituneisuuden s\u00e4ilytt\u00e4miseksi. Mit\u00e4 tehd\u00e4, kun perheell\u00e4 on lapsia ja heid\u00e4n on teht\u00e4v\u00e4 samaan aikaan videotunteja kuin sin\u00e4 zoomaat asiakkaiden kanssa. T\u00e4ss\u00e4 neuvontanurkkaus &#8211; nimetty ty\u00f6tila kaikille.<\/strong><\/p>\n<p><strong>Anne:\u00a0<\/strong>Kun suojaamme paikalleen, huoneet, joissa k\u00e4ytimme kerran muutaman her\u00e4tystunnin, ymp\u00e4r\u00f6iv\u00e4t nyt koko olemassaolomme &#8211; ja t\u00e4ll\u00e4 lyhytaikaisella uudelleenkalibroinnilla voi olla pitk\u00e4aikainen vaikutus hyvinvointiin. Mielest\u00e4ni on niin t\u00e4rke\u00e4\u00e4 tuntea ty\u00f6- ja el\u00e4m\u00e4ntavat ja k\u00e4\u00e4nt\u00e4\u00e4 ne fyysiseen elintilaan. Alistaa kotisi rutiinisi sek\u00e4 yksil\u00f6llisen ja perheen rytmin mukaan. kotitilan analyysi auttaa valitsemaan tietoisesti ty\u00f6- ja vapaa-ajantilat el\u00e4m\u00e4n rytmin mukaan &#8211; jos olet tuottava aamuisin, on parasta muuttaa it\u00e4\u00e4n p\u00e4in oleva ikkunahuone toimistoksi aamuksi. Vaikka se olisi makuuhuone, johon voit kiinnitt\u00e4\u00e4 pienen ty\u00f6p\u00f6yd\u00e4n tietokoneelle ja sulkea s\u00e4ngyn verholla (taaksep\u00e4in kokouspuheluita varten). Tai jos ker\u00e4\u00e4t energiaa ilta-auringosta, muuta l\u00e4nsimaisen ikkunan huone ty\u00f6tilaksi. Jos tarvitset iltoja rentoutumiseen ja kirjan lukemiseen, k\u00e4yt\u00e4 sit\u00e4 eduksesi. T\u00e4rkeint\u00e4 on l\u00f6yt\u00e4\u00e4 rytmi p\u00e4iv\u00e4nvalon luonnollisen liikkeen ja oman rytmin mukaan 8 tuntia unta, 8 tuntia ty\u00f6t\u00e4 ja 8 tuntia v\u00e4ltt\u00e4m\u00e4tt\u00f6myystarvikkeita varten, kuten psykologit kuvaavat. Yksi motivoivimmista tavoista aloittaa ty\u00f6p\u00e4iv\u00e4 on joko nopea harjoitus tuntea itsesi heti suoritetuksi tai k\u00e4sittelem\u00e4ll\u00e4 ensin ty\u00f6p\u00e4iv\u00e4n pahin ja t\u00e4rkein teht\u00e4v\u00e4.<\/p>\n<p>Tasapainon kannalta on t\u00e4rke\u00e4\u00e4 kaupallistaa ty\u00f6, koulu ja el\u00e4m\u00e4 laatikoiksi tai kaapeiksi, jotka voit henkisesti ja fyysisesti laittaa n\u00e4kyvist\u00e4, kun ty\u00f6p\u00e4iv\u00e4 on ohi. Visuaalilla on taipumus manipuloida ajatuslinjaa &#8211; visuaaliset olennot ajattelevat alitajuisesti n\u00e4kem\u00e4\u00e4ns\u00e4. \u00c4l\u00e4 j\u00e4t\u00e4 ty\u00f6tilaa vet\u00e4m\u00e4ll\u00e4 sinua siihen visuaalisesti ty\u00f6ajan j\u00e4lkeen &#8211; sill\u00e4 se erottaa rutiinin ja henkil\u00f6kohtaisen rytmin. Laita k\u00e4sill\u00e4 oleva teht\u00e4v\u00e4 laatikkoon p\u00e4iv\u00e4n lopussa &#8211; ty\u00f6p\u00e4iv\u00e4, ty\u00f6rooli ja huolet &#8211; symbolisesti ja fyysisesti.<\/p>\n<p>Varastoinnin merkitys kasvaa, kun ihmiset etsiv\u00e4t lis\u00e4\u00e4 tapoja k\u00e4tke\u00e4 k\u00e4tev\u00e4sti henkil\u00f6kohtaiset ja kotitaloustavarat kodin muuttamiseksi toimistoksi ja p\u00e4invastoin. T\u00e4ll\u00e4 hetkell\u00e4 opimme, kuinka t\u00e4rke\u00e4 tilamme j\u00e4rjestely on tuottavuuden edist\u00e4misess\u00e4. V\u00e4hemm\u00e4n estetiikasta ja enemm\u00e4n v\u00e4hemm\u00e4n omistettavista ja siksi hyl\u00e4tt\u00e4vist\u00e4 asioista sek\u00e4 karkottamalla luomalla enemm\u00e4n tilaa joustaville toiminnoille.<\/p>\n<p><strong>Merike:<\/strong> Vanhina hyvin\u00e4 aikoina k\u00e4ytimme ty\u00f6matkoja ty\u00f6h\u00f6n ja sielt\u00e4 pois, nyt meid\u00e4n on vain v\u00e4\u00e4rennett\u00e4v\u00e4 se itsellemme. Luo selke\u00e4t ty\u00f6ajat ja aamuohjelmat, jotka antavat sinulle signaalin, ett\u00e4 on aika p\u00e4\u00e4st\u00e4 t\u00f6ihin. Minulle se on aamuk\u00e4vely, harjoittelu ja kirjan lukeminen ennen t\u00f6it\u00e4. Sama koskee ty\u00f6tavan p\u00e4\u00e4ttymist\u00e4. Ty\u00f6 ei lopu koskaan, mutta aivosi t\u00e4ytyy lev\u00e4t\u00e4 ja sammua ty\u00f6tilasta, joten luo rutiini, joka antaa sinulle signaalin, ett\u00e4 on aika sulkea kannettava tietokone ja rentoutua. Tee jotain hauskaa ja aktiivista t\u00f6iden j\u00e4lkeen, joten et voi ajatella seuraavaa teht\u00e4v\u00e4\u00e4si koko y\u00f6n.<\/p>\n<p><strong><img loading=\"lazy\" decoding=\"async\" class=\"alignnone wp-image-1510\" src=\"https:\/\/radis.ee\/wp-content\/uploads\/2020\/09\/RA0644-Radis-desk-MAN-oak-veneered-plywood-drawers-white-film-300x200.jpg\" alt=\"RADIS DESK MAN OAK VENEERED\" width=\"503\" height=\"335\" srcset=\"https:\/\/radis.ee\/wp-content\/uploads\/2020\/09\/RA0644-Radis-desk-MAN-oak-veneered-plywood-drawers-white-film-300x200.jpg 300w, https:\/\/radis.ee\/wp-content\/uploads\/2020\/09\/RA0644-Radis-desk-MAN-oak-veneered-plywood-drawers-white-film-1024x683.jpg 1024w, https:\/\/radis.ee\/wp-content\/uploads\/2020\/09\/RA0644-Radis-desk-MAN-oak-veneered-plywood-drawers-white-film-600x400.jpg 600w, https:\/\/radis.ee\/wp-content\/uploads\/2020\/09\/RA0644-Radis-desk-MAN-oak-veneered-plywood-drawers-white-film-36x24.jpg 36w\" sizes=\"auto, (max-width: 503px) 100vw, 503px\" \/><\/strong><\/p>\n<blockquote><p>Tammiviilutettu ty\u00f6p\u00f6yt\u00e4 MAN \u00a9 Radis Furniture<\/p><\/blockquote>\n<p><strong>Maris: Suuret vision\u00e4\u00e4rit ovat kiinni tai puhuvat. Mit\u00e4 he sanovat? Mit\u00e4 muutoksia arkkitehtuurissa ja miten meid\u00e4n tulisi toteuttaa uuden aikakauden tila ymp\u00e4rill\u00e4mme lukkojen aikana?<\/strong><\/p>\n<p><strong>Anne:\u00a0<\/strong>Vision\u00e4\u00e4rit puhuvat, mutta on t\u00e4rke\u00e4\u00e4 oppia ensik\u00e4den kokemuksesta meille kaikille, kuinka t\u00e4rke\u00e4 on nyt monitoiminen tila, kuinka se muovaa meit\u00e4 &#8211; mielialamme, tuottavuutemme, maailmankatsomuksemme &#8211; valosta, n\u00e4kym\u00e4st\u00e4, kattokorkeudesta riippuen , tilan avoimuus tai l\u00e4heisyys, vastakkaiset n\u00e4yt\u00f6t tai yksitoikkoisuus.<\/p>\n<p>Pid\u00e4n t\u00e4rke\u00e4n\u00e4, ett\u00e4 kaikilla aloilla ihmiset puhuvat kotitilastaan \u200b\u200bja kaupunkitilan laadusta (kaupunkitilat ovat yhteisi\u00e4 olohuoneitamme). Jos suurin osa ihmisist\u00e4 analysoi ja v\u00e4litt\u00e4\u00e4 hyv\u00e4n asuintilan olemuksen ja laadun, voimme kehitt\u00e4\u00e4 yksityisi\u00e4 ja kaupunkitilojamme yhteisell\u00e4 kysynn\u00e4ll\u00e4. Avaruudessa oleminen auttaa meit\u00e4 perehtym\u00e4\u00e4n sen ominaisuuksiin &#8211; parempi laatu lis\u00e4\u00e4 hyvinvointiamme. Toivon, ett\u00e4 t\u00e4m\u00e4n kokemuksen avulla opimme lukemaan arkkitehtuurin kielen yhteiskuntana ja parantamaan ymp\u00e4rist\u00f6\u00e4, joka vastineeksi muovaa meit\u00e4. Ja ett\u00e4 opimme lukemaan maisema-arkkitehtuurin kielen, jolla on niin t\u00e4rke\u00e4 ydin julkisen tilan t\u00e4rke\u00e4ss\u00e4 roolissa.<\/p>\n<p><strong>Merike:<\/strong> Rehellisesti, en tied\u00e4, mutta toivon kuitenkin, ett\u00e4 avoimet toimistot katoavat lopulta.<\/p>\n<p><strong>Maris: Kiitos sek\u00e4 Annelle ett\u00e4 Merikelle nykyisen ja vanhan normaalin v\u00e4lisen emotionaalisen raja-alueen t\u00e4ytt\u00e4misest\u00e4.<\/strong><\/p>\n<p><img loading=\"lazy\" decoding=\"async\" class=\"alignnone wp-image-6277\" src=\"https:\/\/radis.ee\/wp-content\/uploads\/2020\/11\/Radis_desk_VISTA_white_HPL_oak_veneered_interior_2-300x300.jpg\" alt=\"RADIS DESK VISTA\" width=\"500\" height=\"500\" srcset=\"https:\/\/radis.ee\/wp-content\/uploads\/2020\/11\/Radis_desk_VISTA_white_HPL_oak_veneered_interior_2-300x300.jpg 300w, https:\/\/radis.ee\/wp-content\/uploads\/2020\/11\/Radis_desk_VISTA_white_HPL_oak_veneered_interior_2-1024x1024.jpg 1024w, https:\/\/radis.ee\/wp-content\/uploads\/2020\/11\/Radis_desk_VISTA_white_HPL_oak_veneered_interior_2-150x150.jpg 150w, https:\/\/radis.ee\/wp-content\/uploads\/2020\/11\/Radis_desk_VISTA_white_HPL_oak_veneered_interior_2-450x450.jpg 450w, https:\/\/radis.ee\/wp-content\/uploads\/2020\/11\/Radis_desk_VISTA_white_HPL_oak_veneered_interior_2-600x600.jpg 600w, https:\/\/radis.ee\/wp-content\/uploads\/2020\/11\/Radis_desk_VISTA_white_HPL_oak_veneered_interior_2-36x36.jpg 36w\" sizes=\"auto, (max-width: 500px) 100vw, 500px\" \/><\/p>\n<blockquote><p>Kotitoimisto VISTA-p\u00f6yd\u00e4ll\u00e4 \u00a9 Radis Furniture<\/p><\/blockquote>\n","protected":false},"excerpt":{"rendered":"<p>Kuten monet meist\u00e4 tiet\u00e4v\u00e4t, kotitoimistot ovat olleet viimeisimpi\u00e4 aiheitamme, ja Radis Furniture on tuonut markkinoille useita kokoelmia, jotka antavat mahdollisuuden parantaa ty\u00f6skentelyilmaisuja saavutettavissa olevissa tiloissa kotona tai muualla. Anne Vingisar tiet\u00e4\u00e4 lopullisen materiaalin aina pienimp\u00e4\u00e4nkin naarmuun asti. Tallinnan taideakatemian arkkitehtina alumna, h\u00e4n aloitti uransa projekteilla, kuten Gwangju FollyIII: n (Etel\u00e4-Korea 2016) paviljongispektri, Tallinnan tavaratalo (2017),&#8230;<\/p>\n","protected":false},"author":2,"featured_media":6279,"comment_status":"open","ping_status":"open","sticky":false,"template":"","format":"standard","meta":{"_acf_changed":false,"footnotes":""},"categories":[574],"tags":[],"class_list":["post-10138","post","type-post","status-publish","format-standard","has-post-thumbnail","hentry","category-blogi-fi"],"acf":[],"yoast_head":"<!-- This site is optimized with the Yoast SEO plugin v27.4 - https:\/\/yoast.com\/product\/yoast-seo-wordpress\/ -->\n<title>Kaksi ylim\u00e4\u00e4r\u00e4ist\u00e4 naista, kotiin saapuvat tilap\u00e4iset aktiviteetit, elokuvaillat, estetiikan huippu, p\u00e4iv\u00e4rytmi ja sosiaalinen yhteys. Mit\u00e4 viel\u00e4? - Radis<\/title>\n<meta name=\"robots\" content=\"index, follow, max-snippet:-1, max-image-preview:large, max-video-preview:-1\" \/>\n<link rel=\"canonical\" href=\"https:\/\/radis.ee\/fi\/kaksi-ylimaaraista-naista-kotiin-saapuvat-tilapaiset-aktiviteetit-elokuvaillat-estetiikan-huippu-paivarytmi-ja-sosiaalinen-yhteys-mita-viela\/\" \/>\n<meta property=\"og:locale\" content=\"fi_FI\" \/>\n<meta property=\"og:type\" content=\"article\" \/>\n<meta property=\"og:title\" content=\"Kaksi ylim\u00e4\u00e4r\u00e4ist\u00e4 naista, kotiin saapuvat tilap\u00e4iset aktiviteetit, elokuvaillat, estetiikan huippu, p\u00e4iv\u00e4rytmi ja sosiaalinen yhteys. Mit\u00e4 viel\u00e4? - Radis\" \/>\n<meta property=\"og:description\" content=\"Kuten monet meist\u00e4 tiet\u00e4v\u00e4t, kotitoimistot ovat olleet viimeisimpi\u00e4 aiheitamme, ja Radis Furniture on tuonut markkinoille useita kokoelmia, jotka antavat mahdollisuuden parantaa ty\u00f6skentelyilmaisuja saavutettavissa olevissa tiloissa kotona tai muualla. Anne Vingisar tiet\u00e4\u00e4 lopullisen materiaalin aina pienimp\u00e4\u00e4nkin naarmuun asti. Tallinnan taideakatemian arkkitehtina alumna, h\u00e4n aloitti uransa projekteilla, kuten Gwangju FollyIII: n (Etel\u00e4-Korea 2016) paviljongispektri, Tallinnan tavaratalo (2017),...\" \/>\n<meta property=\"og:url\" content=\"https:\/\/radis.ee\/fi\/kaksi-ylimaaraista-naista-kotiin-saapuvat-tilapaiset-aktiviteetit-elokuvaillat-estetiikan-huippu-paivarytmi-ja-sosiaalinen-yhteys-mita-viela\/\" \/>\n<meta property=\"og:site_name\" content=\"Radis\" \/>\n<meta property=\"article:publisher\" content=\"https:\/\/www.facebook.com\/radisfurniture\/\" \/>\n<meta property=\"article:published_time\" content=\"2021-05-07T13:41:18+00:00\" \/>\n<meta property=\"article:modified_time\" content=\"2021-05-18T12:32:15+00:00\" \/>\n<meta property=\"og:image\" content=\"https:\/\/radis.ee\/wp-content\/uploads\/2020\/11\/Radis_desk_VISTA_white_HPL_oak_veneered_interior_2.jpg\" \/>\n\t<meta property=\"og:image:width\" content=\"2261\" \/>\n\t<meta property=\"og:image:height\" content=\"2261\" \/>\n\t<meta property=\"og:image:type\" content=\"image\/jpeg\" \/>\n<meta name=\"author\" content=\"Mauri Abner\" \/>\n<meta name=\"twitter:card\" content=\"summary_large_image\" \/>\n<meta name=\"twitter:label1\" content=\"Kirjoittanut\" \/>\n\t<meta name=\"twitter:data1\" content=\"Mauri Abner\" \/>\n\t<meta name=\"twitter:label2\" content=\"Arvioitu lukuaika\" \/>\n\t<meta name=\"twitter:data2\" content=\"8 minuuttia\" \/>\n<script type=\"application\/ld+json\" class=\"yoast-schema-graph\">{\"@context\":\"https:\\\/\\\/schema.org\",\"@graph\":[{\"@type\":\"Article\",\"@id\":\"https:\\\/\\\/radis.ee\\\/fi\\\/kaksi-ylimaaraista-naista-kotiin-saapuvat-tilapaiset-aktiviteetit-elokuvaillat-estetiikan-huippu-paivarytmi-ja-sosiaalinen-yhteys-mita-viela\\\/#article\",\"isPartOf\":{\"@id\":\"https:\\\/\\\/radis.ee\\\/fi\\\/kaksi-ylimaaraista-naista-kotiin-saapuvat-tilapaiset-aktiviteetit-elokuvaillat-estetiikan-huippu-paivarytmi-ja-sosiaalinen-yhteys-mita-viela\\\/\"},\"author\":{\"name\":\"Mauri Abner\",\"@id\":\"https:\\\/\\\/radis.ee\\\/#\\\/schema\\\/person\\\/82b3717747b95054e374cb142668774b\"},\"headline\":\"Kaksi ylim\u00e4\u00e4r\u00e4ist\u00e4 naista, kotiin saapuvat tilap\u00e4iset aktiviteetit, elokuvaillat, estetiikan huippu, p\u00e4iv\u00e4rytmi ja sosiaalinen yhteys. Mit\u00e4 viel\u00e4?\",\"datePublished\":\"2021-05-07T13:41:18+00:00\",\"dateModified\":\"2021-05-18T12:32:15+00:00\",\"mainEntityOfPage\":{\"@id\":\"https:\\\/\\\/radis.ee\\\/fi\\\/kaksi-ylimaaraista-naista-kotiin-saapuvat-tilapaiset-aktiviteetit-elokuvaillat-estetiikan-huippu-paivarytmi-ja-sosiaalinen-yhteys-mita-viela\\\/\"},\"wordCount\":1558,\"commentCount\":0,\"publisher\":{\"@id\":\"https:\\\/\\\/radis.ee\\\/#organization\"},\"image\":{\"@id\":\"https:\\\/\\\/radis.ee\\\/fi\\\/kaksi-ylimaaraista-naista-kotiin-saapuvat-tilapaiset-aktiviteetit-elokuvaillat-estetiikan-huippu-paivarytmi-ja-sosiaalinen-yhteys-mita-viela\\\/#primaryimage\"},\"thumbnailUrl\":\"https:\\\/\\\/radis.ee\\\/wp-content\\\/uploads\\\/2020\\\/11\\\/Radis_desk_VISTA_white_HPL_oak_veneered_interior_2.jpg\",\"articleSection\":[\"Blogi\"],\"inLanguage\":\"fi\",\"potentialAction\":[{\"@type\":\"CommentAction\",\"name\":\"Comment\",\"target\":[\"https:\\\/\\\/radis.ee\\\/fi\\\/kaksi-ylimaaraista-naista-kotiin-saapuvat-tilapaiset-aktiviteetit-elokuvaillat-estetiikan-huippu-paivarytmi-ja-sosiaalinen-yhteys-mita-viela\\\/#respond\"]}]},{\"@type\":\"WebPage\",\"@id\":\"https:\\\/\\\/radis.ee\\\/fi\\\/kaksi-ylimaaraista-naista-kotiin-saapuvat-tilapaiset-aktiviteetit-elokuvaillat-estetiikan-huippu-paivarytmi-ja-sosiaalinen-yhteys-mita-viela\\\/\",\"url\":\"https:\\\/\\\/radis.ee\\\/fi\\\/kaksi-ylimaaraista-naista-kotiin-saapuvat-tilapaiset-aktiviteetit-elokuvaillat-estetiikan-huippu-paivarytmi-ja-sosiaalinen-yhteys-mita-viela\\\/\",\"name\":\"Kaksi ylim\u00e4\u00e4r\u00e4ist\u00e4 naista, kotiin saapuvat tilap\u00e4iset aktiviteetit, elokuvaillat, estetiikan huippu, p\u00e4iv\u00e4rytmi ja sosiaalinen yhteys. Mit\u00e4 viel\u00e4? - Radis\",\"isPartOf\":{\"@id\":\"https:\\\/\\\/radis.ee\\\/#website\"},\"primaryImageOfPage\":{\"@id\":\"https:\\\/\\\/radis.ee\\\/fi\\\/kaksi-ylimaaraista-naista-kotiin-saapuvat-tilapaiset-aktiviteetit-elokuvaillat-estetiikan-huippu-paivarytmi-ja-sosiaalinen-yhteys-mita-viela\\\/#primaryimage\"},\"image\":{\"@id\":\"https:\\\/\\\/radis.ee\\\/fi\\\/kaksi-ylimaaraista-naista-kotiin-saapuvat-tilapaiset-aktiviteetit-elokuvaillat-estetiikan-huippu-paivarytmi-ja-sosiaalinen-yhteys-mita-viela\\\/#primaryimage\"},\"thumbnailUrl\":\"https:\\\/\\\/radis.ee\\\/wp-content\\\/uploads\\\/2020\\\/11\\\/Radis_desk_VISTA_white_HPL_oak_veneered_interior_2.jpg\",\"datePublished\":\"2021-05-07T13:41:18+00:00\",\"dateModified\":\"2021-05-18T12:32:15+00:00\",\"breadcrumb\":{\"@id\":\"https:\\\/\\\/radis.ee\\\/fi\\\/kaksi-ylimaaraista-naista-kotiin-saapuvat-tilapaiset-aktiviteetit-elokuvaillat-estetiikan-huippu-paivarytmi-ja-sosiaalinen-yhteys-mita-viela\\\/#breadcrumb\"},\"inLanguage\":\"fi\",\"potentialAction\":[{\"@type\":\"ReadAction\",\"target\":[\"https:\\\/\\\/radis.ee\\\/fi\\\/kaksi-ylimaaraista-naista-kotiin-saapuvat-tilapaiset-aktiviteetit-elokuvaillat-estetiikan-huippu-paivarytmi-ja-sosiaalinen-yhteys-mita-viela\\\/\"]}]},{\"@type\":\"ImageObject\",\"inLanguage\":\"fi\",\"@id\":\"https:\\\/\\\/radis.ee\\\/fi\\\/kaksi-ylimaaraista-naista-kotiin-saapuvat-tilapaiset-aktiviteetit-elokuvaillat-estetiikan-huippu-paivarytmi-ja-sosiaalinen-yhteys-mita-viela\\\/#primaryimage\",\"url\":\"https:\\\/\\\/radis.ee\\\/wp-content\\\/uploads\\\/2020\\\/11\\\/Radis_desk_VISTA_white_HPL_oak_veneered_interior_2.jpg\",\"contentUrl\":\"https:\\\/\\\/radis.ee\\\/wp-content\\\/uploads\\\/2020\\\/11\\\/Radis_desk_VISTA_white_HPL_oak_veneered_interior_2.jpg\",\"width\":2261,\"height\":2261,\"caption\":\"DESK BOXY\"},{\"@type\":\"BreadcrumbList\",\"@id\":\"https:\\\/\\\/radis.ee\\\/fi\\\/kaksi-ylimaaraista-naista-kotiin-saapuvat-tilapaiset-aktiviteetit-elokuvaillat-estetiikan-huippu-paivarytmi-ja-sosiaalinen-yhteys-mita-viela\\\/#breadcrumb\",\"itemListElement\":[{\"@type\":\"ListItem\",\"position\":1,\"name\":\"Home\",\"item\":\"https:\\\/\\\/radis.ee\\\/\"},{\"@type\":\"ListItem\",\"position\":2,\"name\":\"Kaksi ylim\u00e4\u00e4r\u00e4ist\u00e4 naista, kotiin saapuvat tilap\u00e4iset aktiviteetit, elokuvaillat, estetiikan huippu, p\u00e4iv\u00e4rytmi ja sosiaalinen yhteys. Mit\u00e4 viel\u00e4?\"}]},{\"@type\":\"WebSite\",\"@id\":\"https:\\\/\\\/radis.ee\\\/#website\",\"url\":\"https:\\\/\\\/radis.ee\\\/\",\"name\":\"Radis\",\"description\":\"Nordic design furniture, environmentally friendly and sustainable.\",\"publisher\":{\"@id\":\"https:\\\/\\\/radis.ee\\\/#organization\"},\"potentialAction\":[{\"@type\":\"SearchAction\",\"target\":{\"@type\":\"EntryPoint\",\"urlTemplate\":\"https:\\\/\\\/radis.ee\\\/?s={search_term_string}\"},\"query-input\":{\"@type\":\"PropertyValueSpecification\",\"valueRequired\":true,\"valueName\":\"search_term_string\"}}],\"inLanguage\":\"fi\"},{\"@type\":\"Organization\",\"@id\":\"https:\\\/\\\/radis.ee\\\/#organization\",\"name\":\"Radis O\u00dc\",\"url\":\"https:\\\/\\\/radis.ee\\\/\",\"logo\":{\"@type\":\"ImageObject\",\"inLanguage\":\"fi\",\"@id\":\"https:\\\/\\\/radis.ee\\\/#\\\/schema\\\/logo\\\/image\\\/\",\"url\":\"https:\\\/\\\/radis.ee\\\/wp-content\\\/uploads\\\/2020\\\/10\\\/Radis-logo.png\",\"contentUrl\":\"https:\\\/\\\/radis.ee\\\/wp-content\\\/uploads\\\/2020\\\/10\\\/Radis-logo.png\",\"width\":300,\"height\":63,\"caption\":\"Radis O\u00dc\"},\"image\":{\"@id\":\"https:\\\/\\\/radis.ee\\\/#\\\/schema\\\/logo\\\/image\\\/\"},\"sameAs\":[\"https:\\\/\\\/www.facebook.com\\\/radisfurniture\\\/\"]},{\"@type\":\"Person\",\"@id\":\"https:\\\/\\\/radis.ee\\\/#\\\/schema\\\/person\\\/82b3717747b95054e374cb142668774b\",\"name\":\"Mauri Abner\",\"url\":\"https:\\\/\\\/radis.ee\\\/fi\\\/author\\\/mauri\\\/\"}]}<\/script>\n<!-- \/ Yoast SEO plugin. -->","yoast_head_json":{"title":"Kaksi ylim\u00e4\u00e4r\u00e4ist\u00e4 naista, kotiin saapuvat tilap\u00e4iset aktiviteetit, elokuvaillat, estetiikan huippu, p\u00e4iv\u00e4rytmi ja sosiaalinen yhteys. Mit\u00e4 viel\u00e4? - Radis","robots":{"index":"index","follow":"follow","max-snippet":"max-snippet:-1","max-image-preview":"max-image-preview:large","max-video-preview":"max-video-preview:-1"},"canonical":"https:\/\/radis.ee\/fi\/kaksi-ylimaaraista-naista-kotiin-saapuvat-tilapaiset-aktiviteetit-elokuvaillat-estetiikan-huippu-paivarytmi-ja-sosiaalinen-yhteys-mita-viela\/","og_locale":"fi_FI","og_type":"article","og_title":"Kaksi ylim\u00e4\u00e4r\u00e4ist\u00e4 naista, kotiin saapuvat tilap\u00e4iset aktiviteetit, elokuvaillat, estetiikan huippu, p\u00e4iv\u00e4rytmi ja sosiaalinen yhteys. Mit\u00e4 viel\u00e4? - Radis","og_description":"Kuten monet meist\u00e4 tiet\u00e4v\u00e4t, kotitoimistot ovat olleet viimeisimpi\u00e4 aiheitamme, ja Radis Furniture on tuonut markkinoille useita kokoelmia, jotka antavat mahdollisuuden parantaa ty\u00f6skentelyilmaisuja saavutettavissa olevissa tiloissa kotona tai muualla. Anne Vingisar tiet\u00e4\u00e4 lopullisen materiaalin aina pienimp\u00e4\u00e4nkin naarmuun asti. Tallinnan taideakatemian arkkitehtina alumna, h\u00e4n aloitti uransa projekteilla, kuten Gwangju FollyIII: n (Etel\u00e4-Korea 2016) paviljongispektri, Tallinnan tavaratalo (2017),...","og_url":"https:\/\/radis.ee\/fi\/kaksi-ylimaaraista-naista-kotiin-saapuvat-tilapaiset-aktiviteetit-elokuvaillat-estetiikan-huippu-paivarytmi-ja-sosiaalinen-yhteys-mita-viela\/","og_site_name":"Radis","article_publisher":"https:\/\/www.facebook.com\/radisfurniture\/","article_published_time":"2021-05-07T13:41:18+00:00","article_modified_time":"2021-05-18T12:32:15+00:00","og_image":[{"width":2261,"height":2261,"url":"https:\/\/radis.ee\/wp-content\/uploads\/2020\/11\/Radis_desk_VISTA_white_HPL_oak_veneered_interior_2.jpg","type":"image\/jpeg"}],"author":"Mauri Abner","twitter_card":"summary_large_image","twitter_misc":{"Kirjoittanut":"Mauri Abner","Arvioitu lukuaika":"8 minuuttia"},"schema":{"@context":"https:\/\/schema.org","@graph":[{"@type":"Article","@id":"https:\/\/radis.ee\/fi\/kaksi-ylimaaraista-naista-kotiin-saapuvat-tilapaiset-aktiviteetit-elokuvaillat-estetiikan-huippu-paivarytmi-ja-sosiaalinen-yhteys-mita-viela\/#article","isPartOf":{"@id":"https:\/\/radis.ee\/fi\/kaksi-ylimaaraista-naista-kotiin-saapuvat-tilapaiset-aktiviteetit-elokuvaillat-estetiikan-huippu-paivarytmi-ja-sosiaalinen-yhteys-mita-viela\/"},"author":{"name":"Mauri Abner","@id":"https:\/\/radis.ee\/#\/schema\/person\/82b3717747b95054e374cb142668774b"},"headline":"Kaksi ylim\u00e4\u00e4r\u00e4ist\u00e4 naista, kotiin saapuvat tilap\u00e4iset aktiviteetit, elokuvaillat, estetiikan huippu, p\u00e4iv\u00e4rytmi ja sosiaalinen yhteys. Mit\u00e4 viel\u00e4?","datePublished":"2021-05-07T13:41:18+00:00","dateModified":"2021-05-18T12:32:15+00:00","mainEntityOfPage":{"@id":"https:\/\/radis.ee\/fi\/kaksi-ylimaaraista-naista-kotiin-saapuvat-tilapaiset-aktiviteetit-elokuvaillat-estetiikan-huippu-paivarytmi-ja-sosiaalinen-yhteys-mita-viela\/"},"wordCount":1558,"commentCount":0,"publisher":{"@id":"https:\/\/radis.ee\/#organization"},"image":{"@id":"https:\/\/radis.ee\/fi\/kaksi-ylimaaraista-naista-kotiin-saapuvat-tilapaiset-aktiviteetit-elokuvaillat-estetiikan-huippu-paivarytmi-ja-sosiaalinen-yhteys-mita-viela\/#primaryimage"},"thumbnailUrl":"https:\/\/radis.ee\/wp-content\/uploads\/2020\/11\/Radis_desk_VISTA_white_HPL_oak_veneered_interior_2.jpg","articleSection":["Blogi"],"inLanguage":"fi","potentialAction":[{"@type":"CommentAction","name":"Comment","target":["https:\/\/radis.ee\/fi\/kaksi-ylimaaraista-naista-kotiin-saapuvat-tilapaiset-aktiviteetit-elokuvaillat-estetiikan-huippu-paivarytmi-ja-sosiaalinen-yhteys-mita-viela\/#respond"]}]},{"@type":"WebPage","@id":"https:\/\/radis.ee\/fi\/kaksi-ylimaaraista-naista-kotiin-saapuvat-tilapaiset-aktiviteetit-elokuvaillat-estetiikan-huippu-paivarytmi-ja-sosiaalinen-yhteys-mita-viela\/","url":"https:\/\/radis.ee\/fi\/kaksi-ylimaaraista-naista-kotiin-saapuvat-tilapaiset-aktiviteetit-elokuvaillat-estetiikan-huippu-paivarytmi-ja-sosiaalinen-yhteys-mita-viela\/","name":"Kaksi ylim\u00e4\u00e4r\u00e4ist\u00e4 naista, kotiin saapuvat tilap\u00e4iset aktiviteetit, elokuvaillat, estetiikan huippu, p\u00e4iv\u00e4rytmi ja sosiaalinen yhteys. Mit\u00e4 viel\u00e4? - Radis","isPartOf":{"@id":"https:\/\/radis.ee\/#website"},"primaryImageOfPage":{"@id":"https:\/\/radis.ee\/fi\/kaksi-ylimaaraista-naista-kotiin-saapuvat-tilapaiset-aktiviteetit-elokuvaillat-estetiikan-huippu-paivarytmi-ja-sosiaalinen-yhteys-mita-viela\/#primaryimage"},"image":{"@id":"https:\/\/radis.ee\/fi\/kaksi-ylimaaraista-naista-kotiin-saapuvat-tilapaiset-aktiviteetit-elokuvaillat-estetiikan-huippu-paivarytmi-ja-sosiaalinen-yhteys-mita-viela\/#primaryimage"},"thumbnailUrl":"https:\/\/radis.ee\/wp-content\/uploads\/2020\/11\/Radis_desk_VISTA_white_HPL_oak_veneered_interior_2.jpg","datePublished":"2021-05-07T13:41:18+00:00","dateModified":"2021-05-18T12:32:15+00:00","breadcrumb":{"@id":"https:\/\/radis.ee\/fi\/kaksi-ylimaaraista-naista-kotiin-saapuvat-tilapaiset-aktiviteetit-elokuvaillat-estetiikan-huippu-paivarytmi-ja-sosiaalinen-yhteys-mita-viela\/#breadcrumb"},"inLanguage":"fi","potentialAction":[{"@type":"ReadAction","target":["https:\/\/radis.ee\/fi\/kaksi-ylimaaraista-naista-kotiin-saapuvat-tilapaiset-aktiviteetit-elokuvaillat-estetiikan-huippu-paivarytmi-ja-sosiaalinen-yhteys-mita-viela\/"]}]},{"@type":"ImageObject","inLanguage":"fi","@id":"https:\/\/radis.ee\/fi\/kaksi-ylimaaraista-naista-kotiin-saapuvat-tilapaiset-aktiviteetit-elokuvaillat-estetiikan-huippu-paivarytmi-ja-sosiaalinen-yhteys-mita-viela\/#primaryimage","url":"https:\/\/radis.ee\/wp-content\/uploads\/2020\/11\/Radis_desk_VISTA_white_HPL_oak_veneered_interior_2.jpg","contentUrl":"https:\/\/radis.ee\/wp-content\/uploads\/2020\/11\/Radis_desk_VISTA_white_HPL_oak_veneered_interior_2.jpg","width":2261,"height":2261,"caption":"DESK BOXY"},{"@type":"BreadcrumbList","@id":"https:\/\/radis.ee\/fi\/kaksi-ylimaaraista-naista-kotiin-saapuvat-tilapaiset-aktiviteetit-elokuvaillat-estetiikan-huippu-paivarytmi-ja-sosiaalinen-yhteys-mita-viela\/#breadcrumb","itemListElement":[{"@type":"ListItem","position":1,"name":"Home","item":"https:\/\/radis.ee\/"},{"@type":"ListItem","position":2,"name":"Kaksi ylim\u00e4\u00e4r\u00e4ist\u00e4 naista, kotiin saapuvat tilap\u00e4iset aktiviteetit, elokuvaillat, estetiikan huippu, p\u00e4iv\u00e4rytmi ja sosiaalinen yhteys. Mit\u00e4 viel\u00e4?"}]},{"@type":"WebSite","@id":"https:\/\/radis.ee\/#website","url":"https:\/\/radis.ee\/","name":"Radis","description":"Nordic design furniture, environmentally friendly and sustainable.","publisher":{"@id":"https:\/\/radis.ee\/#organization"},"potentialAction":[{"@type":"SearchAction","target":{"@type":"EntryPoint","urlTemplate":"https:\/\/radis.ee\/?s={search_term_string}"},"query-input":{"@type":"PropertyValueSpecification","valueRequired":true,"valueName":"search_term_string"}}],"inLanguage":"fi"},{"@type":"Organization","@id":"https:\/\/radis.ee\/#organization","name":"Radis O\u00dc","url":"https:\/\/radis.ee\/","logo":{"@type":"ImageObject","inLanguage":"fi","@id":"https:\/\/radis.ee\/#\/schema\/logo\/image\/","url":"https:\/\/radis.ee\/wp-content\/uploads\/2020\/10\/Radis-logo.png","contentUrl":"https:\/\/radis.ee\/wp-content\/uploads\/2020\/10\/Radis-logo.png","width":300,"height":63,"caption":"Radis O\u00dc"},"image":{"@id":"https:\/\/radis.ee\/#\/schema\/logo\/image\/"},"sameAs":["https:\/\/www.facebook.com\/radisfurniture\/"]},{"@type":"Person","@id":"https:\/\/radis.ee\/#\/schema\/person\/82b3717747b95054e374cb142668774b","name":"Mauri Abner","url":"https:\/\/radis.ee\/fi\/author\/mauri\/"}]}},"_links":{"self":[{"href":"https:\/\/radis.ee\/fi\/wp-json\/wp\/v2\/posts\/10138","targetHints":{"allow":["GET"]}}],"collection":[{"href":"https:\/\/radis.ee\/fi\/wp-json\/wp\/v2\/posts"}],"about":[{"href":"https:\/\/radis.ee\/fi\/wp-json\/wp\/v2\/types\/post"}],"author":[{"embeddable":true,"href":"https:\/\/radis.ee\/fi\/wp-json\/wp\/v2\/users\/2"}],"replies":[{"embeddable":true,"href":"https:\/\/radis.ee\/fi\/wp-json\/wp\/v2\/comments?post=10138"}],"version-history":[{"count":0,"href":"https:\/\/radis.ee\/fi\/wp-json\/wp\/v2\/posts\/10138\/revisions"}],"wp:featuredmedia":[{"embeddable":true,"href":"https:\/\/radis.ee\/fi\/wp-json\/wp\/v2\/media\/6279"}],"wp:attachment":[{"href":"https:\/\/radis.ee\/fi\/wp-json\/wp\/v2\/media?parent=10138"}],"wp:term":[{"taxonomy":"category","embeddable":true,"href":"https:\/\/radis.ee\/fi\/wp-json\/wp\/v2\/categories?post=10138"},{"taxonomy":"post_tag","embeddable":true,"href":"https:\/\/radis.ee\/fi\/wp-json\/wp\/v2\/tags?post=10138"}],"curies":[{"name":"wp","href":"https:\/\/api.w.org\/{rel}","templated":true}]}}