{"id":23161,"date":"2023-01-11T22:45:37","date_gmt":"2023-01-11T20:45:37","guid":{"rendered":"https:\/\/radis.ee\/elevandi-majaga-mehe-kusitlemine-ei-ole-tavaline-aastalopu-lugu\/"},"modified":"2023-08-30T23:16:09","modified_gmt":"2023-08-30T20:16:09","slug":"elevandi-majaga-mehe-kusitlemine-ei-ole-tavaline-aastalopu-lugu","status":"publish","type":"post","link":"https:\/\/radis.ee\/fi\/elevandi-majaga-mehe-kusitlemine-ei-ole-tavaline-aastalopu-lugu\/","title":{"rendered":"Elefanttitalon miehen haastattelu ei ole keskim\u00e4\u00e4r\u00e4inen vuoden lopun tarinasi"},"content":{"rendered":"<p>Jos et tied\u00e4 pid\u00e4tk\u00f6 kaaresta vai kupolista, olet ehk\u00e4 missannut suuren ajan. H\u00e4n avasi juuri toisen n\u00e4yttelyns\u00e4 Tallinnassa t\u00e4n\u00e4 vuonna &#8211; nyt tunnetaan enemm\u00e4n taidemaalarina ja yleisesti viel\u00e4 enemm\u00e4n arkkitehtina Vilen K\u00fcnnapu (s. 1948) on tehnyt pitk\u00e4aikaisia vaikutuksia mieliin ja syd\u00e4miin kaikkialla maailmassa. H\u00e4nen ty\u00f6h\u00f6ns\u00e4 arkkitehtialalla on neuvostoajan lopun kolhozprojekteja kaupunkisuunnitteluun ja nykyajan ostoskeskuksiin Pohjoismaiden pilvenpiirt\u00e4jiin. Mutta yksityiskohdat tekev\u00e4t oleellisen, ja paras k\u00e4yt\u00e4nt\u00f6 on aina talo, vaikka se tulee hetkeksi sinisen norsun kanssa m\u00e4ntyjen ymp\u00e4r\u00f6im\u00e4n\u00e4.<\/p>\n<p><strong><img loading=\"lazy\" decoding=\"async\" class=\"alignnone wp-image-23150\" src=\"https:\/\/radis.ee\/wp-content\/uploads\/2023\/08\/Radis_Furniture_Vilen_Kunnapu_KYT5637-300x216.jpg\" alt=\"\" width=\"545\" height=\"392\" srcset=\"https:\/\/radis.ee\/wp-content\/uploads\/2023\/08\/Radis_Furniture_Vilen_Kunnapu_KYT5637-300x216.jpg 300w, https:\/\/radis.ee\/wp-content\/uploads\/2023\/08\/Radis_Furniture_Vilen_Kunnapu_KYT5637-600x432.jpg 600w, https:\/\/radis.ee\/wp-content\/uploads\/2023\/08\/Radis_Furniture_Vilen_Kunnapu_KYT5637-60x43.jpg 60w, https:\/\/radis.ee\/wp-content\/uploads\/2023\/08\/Radis_Furniture_Vilen_Kunnapu_KYT5637-125x90.jpg 125w, https:\/\/radis.ee\/wp-content\/uploads\/2023\/08\/Radis_Furniture_Vilen_Kunnapu_KYT5637.jpg 659w\" sizes=\"auto, (max-width: 545px) 100vw, 545px\" \/><\/strong><\/p>\n<p><strong>Maris: Kiitos, ett\u00e4 kutsuit meid\u00e4t n\u00e4yttely\u00f6si. Mit\u00e4 mielt\u00e4 olette, onko yleens\u00e4 mahdollista n\u00e4hd\u00e4 ideologioiden ja estetiikan p\u00e4\u00e4llekk\u00e4isyytt\u00e4 esityksen avaamisen j\u00e4lkeen? Kun maalaukset ovat valokeilassa, emmek\u00e4 en\u00e4\u00e4 piilota niit\u00e4?<\/strong><\/p>\n<p><strong>Vilen:<\/strong> Jos maalaukset sijaitsevat koko gallerian seinill\u00e4, se on Le jour et la Nuit. Ne her\u00e4\u00e4v\u00e4t henkiin voimakkaammin. Jokaisella n\u00e4yttelyll\u00e4 on erilainen energia. T\u00e4\u00e4ll\u00e4 Kadriorg Plazassa he ty\u00f6skentelev\u00e4t mandalan muotoisen atriumin kanssa, joka on my\u00f6s todella mahtava pystysuora.<\/p>\n<p><strong>Maris: Miten kuvailisit tarinaa n\u00e4kym\u00e4st\u00e4, jossa m\u00e4ntyj\u00e4 tai sypressi\u00e4 ymp\u00e4r\u00f6i ikkuna, torni tai kaari?<\/strong><\/p>\n<p><strong>Vilen:<\/strong> Jotkut aiheet Santorinilta tai muualta antavat alkusys\u00e4yksen. Teoksen aikana tulee kuitenkin esiin itse maalauksen taika. Sypressi tai kuu alkaa sitten kertoa tarinaansa, ja min\u00e4 taiteilijana olen vain okie-dokie-toimittaja.<\/p>\n<p><strong>Maris: Kun katsot vuosikymmeni\u00e4 taaksep\u00e4in, mitk\u00e4 ovat sinun suosikkisi ja kerro v\u00e4h\u00e4n siit\u00e4, mik\u00e4 sai sen n\u00e4ytt\u00e4m\u00e4\u00e4n niin hauskalta silloin?<\/strong><\/p>\n<p><strong>Vilen:<\/strong> 60- ja 70-luvut olivat kehitysvuosiani. Eritt\u00e4in hauska, nautinnollinen ja energinen. T\u00e4m\u00e4n energiapilven on t\u00e4ytynyt olla koko planeetan p\u00e4\u00e4ll\u00e4. 90- ja 2000-luvut olivat uudestisyntymiseni vuosia.<\/p>\n<p><strong>Maris: Mitk\u00e4 ovat kotikaupunkisi sokraattisimmat tyylit ja kyvyt provosoida sinua viimeisen 20 vuoden aikana ja onko olemassa pieni\u00e4 askelia ja tapoja tehd\u00e4 muutoksia?<\/strong><\/p>\n<p><strong>Vilen:<\/strong> Luultavasti en tied\u00e4 paljon Sokratesista. Tallinna on suosikkikaupunkini ja se muuttuu koko ajan. Viimeisen 20-30 vuoden aikana rakkauskolmio, joka sis\u00e4lt\u00e4\u00e4 vanhankaupungin, sataman ja kaupungin, on her\u00e4nnyt henkiin! Minun on my\u00f6s sanottava, ett\u00e4 vuosien varrella seuraan t\u00e4ysin suunnittelemieni talojen omaisuutta.<\/p>\n<p><strong><img loading=\"lazy\" decoding=\"async\" class=\"alignnone wp-image-23126\" src=\"https:\/\/radis.ee\/wp-content\/uploads\/2023\/08\/Radis_Furniture_Vilen_Kunnapu_KYT5538-300x206.jpg\" alt=\"\" width=\"575\" height=\"395\" srcset=\"https:\/\/radis.ee\/wp-content\/uploads\/2023\/08\/Radis_Furniture_Vilen_Kunnapu_KYT5538-300x206.jpg 300w, https:\/\/radis.ee\/wp-content\/uploads\/2023\/08\/Radis_Furniture_Vilen_Kunnapu_KYT5538-600x411.jpg 600w, https:\/\/radis.ee\/wp-content\/uploads\/2023\/08\/Radis_Furniture_Vilen_Kunnapu_KYT5538-60x41.jpg 60w, https:\/\/radis.ee\/wp-content\/uploads\/2023\/08\/Radis_Furniture_Vilen_Kunnapu_KYT5538-131x90.jpg 131w, https:\/\/radis.ee\/wp-content\/uploads\/2023\/08\/Radis_Furniture_Vilen_Kunnapu_KYT5538.jpg 845w\" sizes=\"auto, (max-width: 575px) 100vw, 575px\" \/><\/strong><\/p>\n<p><strong>Maris: Kun teimme t\u00e4\u00e4ll\u00e4 v\u00e4h\u00e4n hidasta reunakive\u00e4, pid\u00e4tk\u00f6 enemm\u00e4n aamuista vai illasta? Voitko kuvailla p\u00e4ivitt\u00e4ist\u00e4 rutiinia ennen kuin laitat maalin siveltimelle?<\/strong><\/p>\n<p><strong>Vilen:<\/strong> Olen iltaihminen. Her\u00e4\u00e4n my\u00f6h\u00e4\u00e4n, katson elokuvia pitk\u00e4\u00e4n \u00f6isin ja luen tai haukotan juuri niin. Kahdesta iltap\u00e4iv\u00e4ll\u00e4 voin pit\u00e4\u00e4 luentoja, opastaa opiskelijoita ja maalata. Piirr\u00e4n taloja milloin tahansa, my\u00f6s y\u00f6ll\u00e4.<\/p>\n<p><strong>Maris: Vieraillessa ja matkoilla. Huomaatko my\u00f6s, mit\u00e4 muilla ihmisill\u00e4 on sis\u00e4tiloissaan ja kuinka he sopivat t\u00e4h\u00e4n?<\/strong><\/p>\n<p><strong>Vilen:<\/strong> Pid\u00e4n moderneista sis\u00e4tiloista mieluiten moderneilla ihmisill\u00e4. Mutta joskus my\u00f6s dekadentteja vanhanaikaisia sis\u00e4tiloja, joissa on aivan hauskoja ihmisi\u00e4. Matkustaessani olen hyv\u00e4 valitsemaan hotelleja niiden kauniin sisustuksen perusteella. Esimerkiksi New Yorkin art-deco on lumoavaa.<\/p>\n<p><strong>Maris: Materiaalit, joista ihmiset yleens\u00e4 todella pit\u00e4v\u00e4t, joissa on enimm\u00e4kseen ihanan miellytt\u00e4v\u00e4t pinnat tai ne ovat terveydelle vaarattomia. Kun valitset materiaaleja veistokseen, maalaamiseen tai keskusteluihin muiden ihmisten kanssa &#8211; onko sinulla vinkkej\u00e4 tai s\u00e4ili\u00f6it\u00e4, joita haluaisit tuoda esiin muistiinpanojen tekemiseen?<\/strong><\/p>\n<p><strong>Vilen:<\/strong> Olen t\u00e4ysin muodollinen ihminen. Materiaalit ovat keskinkertaisia. Muoto ja geometria m\u00e4\u00e4r\u00e4\u00e4v\u00e4t energian. On sanottu. Ett\u00e4 se annetaan jostain, miss\u00e4 ei ole materiaalia &#8211; vain ideoita. Minulla on kuitenkin tapana pit\u00e4\u00e4 kivest\u00e4 ja makeasta betonista.<\/p>\n<p><strong>Maris: Voitko kertoa meille, miss\u00e4 kasvoit ja kuinka paljon luovuus oli osa lapsuuttasi?<\/strong><\/p>\n<p><strong>Vilen:<\/strong> Lapsuudenkotini oli Kadriorgissa ja siell\u00e4 oli l\u00e4mmin ja rakastava ilmapiiri. Is\u00e4 oli hyv\u00e4 piirt\u00e4j\u00e4 ja \u00e4iti rakasti musiikkia ja luki aina paljon. Molemmat vaikuttivat minuun paljon. Satuin toteuttamaan heid\u00e4n unelmansa.<\/p>\n<p><strong><img loading=\"lazy\" decoding=\"async\" class=\"alignnone wp-image-23132\" src=\"https:\/\/radis.ee\/wp-content\/uploads\/2023\/08\/Radis_Furniture_Vilen_Kunnapu_KYT5558-300x200.jpg\" alt=\"\" width=\"539\" height=\"359\" srcset=\"https:\/\/radis.ee\/wp-content\/uploads\/2023\/08\/Radis_Furniture_Vilen_Kunnapu_KYT5558-300x200.jpg 300w, https:\/\/radis.ee\/wp-content\/uploads\/2023\/08\/Radis_Furniture_Vilen_Kunnapu_KYT5558-1024x683.jpg 1024w, https:\/\/radis.ee\/wp-content\/uploads\/2023\/08\/Radis_Furniture_Vilen_Kunnapu_KYT5558-600x400.jpg 600w, https:\/\/radis.ee\/wp-content\/uploads\/2023\/08\/Radis_Furniture_Vilen_Kunnapu_KYT5558-60x40.jpg 60w, https:\/\/radis.ee\/wp-content\/uploads\/2023\/08\/Radis_Furniture_Vilen_Kunnapu_KYT5558-135x90.jpg 135w, https:\/\/radis.ee\/wp-content\/uploads\/2023\/08\/Radis_Furniture_Vilen_Kunnapu_KYT5558.jpg 1192w\" sizes=\"auto, (max-width: 539px) 100vw, 539px\" \/><\/strong><\/p>\n<p><strong>Maris: Mit\u00e4 ihmiset sanovat sinulle, kun he katsovat t\u00f6it\u00e4si nyky\u00e4\u00e4n?<\/strong><\/p>\n<p><strong>Vilen:<\/strong> He sanovat, ett\u00e4 he tuntevat olonsa l\u00e4mpim\u00e4ksi ja heid\u00e4n mielialansa paranee. Jotkut p\u00e4\u00e4sev\u00e4t eroon p\u00e4\u00e4ns\u00e4ryst\u00e4 tai vilustumisesta. He puhuvat eri asioita, mutta puhuvat aina. Kuvat innostavat heit\u00e4.<\/p>\n<p><strong>Maris: Miten omistautumisesi arkkitehtuuriin ylip\u00e4\u00e4t\u00e4\u00e4n on muokannut n\u00e4kemyst\u00e4si el\u00e4m\u00e4st\u00e4? Mit\u00e4 el\u00e4m\u00e4n oppitunteja voit jakaa muiden kanssa?<\/strong><\/p>\n<p><strong>Vilen:<\/strong> El\u00e4m\u00e4ni on kulunut termeiss\u00e4, joiden keskipiste on arkkitehtuurin keskell\u00e4. Enk\u00e4 voi erottaa arkkitehtuuria taiteen osallisuudesta. Maalaus on usein tullut ensimm\u00e4iseksi, sen j\u00e4lkeen arkkitehtuuri, muotoilu jne.<\/p>\n<p><strong>Maris: Kerro suosikkihuonekaluistasi. Mik\u00e4 tekee siit\u00e4 niin hyv\u00e4n?<\/strong><\/p>\n<p><strong>Vilen:<\/strong> Pid\u00e4n kaikenlaisista sohvista. Parhaat ideani syntyv\u00e4t niit\u00e4 ajatellen. Suuret ruokap\u00f6yd\u00e4t ovat my\u00f6s Grand. Meill\u00e4 on tammipaneeli ja sen alta liukuu lasip\u00f6yt\u00e4, jotta koko talo mahtuu siististi istumaan.<\/p>\n<p><strong>Maris: Viel\u00e4 kerran. Kiitos t\u00e4st\u00e4 loppuvuoden haastattelusta, kuulostaa aikoinaan Andy Warholin lehden nimelt\u00e4, t\u00e4m\u00e4 haastattelu on ollut uskomaton matka.<\/strong><\/p>\n<p><strong>Vilen:<\/strong> Kiitos, InterView oli vuosia p\u00f6yt\u00e4lehteni.<\/p>\n<p><img loading=\"lazy\" decoding=\"async\" class=\"alignnone wp-image-23144\" src=\"https:\/\/radis.ee\/wp-content\/uploads\/2023\/08\/Radis_Furniture_Vilen_Kunnapu_KYT5606-300x206.jpg\" alt=\"\" width=\"532\" height=\"365\" srcset=\"https:\/\/radis.ee\/wp-content\/uploads\/2023\/08\/Radis_Furniture_Vilen_Kunnapu_KYT5606-300x206.jpg 300w, https:\/\/radis.ee\/wp-content\/uploads\/2023\/08\/Radis_Furniture_Vilen_Kunnapu_KYT5606-600x412.jpg 600w, https:\/\/radis.ee\/wp-content\/uploads\/2023\/08\/Radis_Furniture_Vilen_Kunnapu_KYT5606-60x41.jpg 60w, https:\/\/radis.ee\/wp-content\/uploads\/2023\/08\/Radis_Furniture_Vilen_Kunnapu_KYT5606-131x90.jpg 131w, https:\/\/radis.ee\/wp-content\/uploads\/2023\/08\/Radis_Furniture_Vilen_Kunnapu_KYT5606.jpg 823w\" sizes=\"auto, (max-width: 532px) 100vw, 532px\" \/><\/p>\n","protected":false},"excerpt":{"rendered":"<p>Jos et tied\u00e4 pid\u00e4tk\u00f6 kaaresta vai kupolista, olet ehk\u00e4 missannut suuren ajan. H\u00e4n avasi juuri toisen n\u00e4yttelyns\u00e4 Tallinnassa t\u00e4n\u00e4 vuonna &#8211; nyt tunnetaan enemm\u00e4n taidemaalarina ja yleisesti viel\u00e4 enemm\u00e4n arkkitehtina Vilen K\u00fcnnapu (s. 1948) on tehnyt pitk\u00e4aikaisia vaikutuksia mieliin ja syd\u00e4miin kaikkialla maailmassa. H\u00e4nen ty\u00f6h\u00f6ns\u00e4 arkkitehtialalla on neuvostoajan lopun kolhozprojekteja kaupunkisuunnitteluun ja nykyajan ostoskeskuksiin Pohjoismaiden&#8230;<\/p>\n","protected":false},"author":2,"featured_media":23141,"comment_status":"open","ping_status":"open","sticky":false,"template":"","format":"standard","meta":{"_acf_changed":false,"footnotes":""},"categories":[574],"tags":[],"class_list":["post-23161","post","type-post","status-publish","format-standard","has-post-thumbnail","hentry","category-blogi-fi"],"acf":[],"yoast_head":"<!-- This site is optimized with the Yoast SEO plugin v27.4 - https:\/\/yoast.com\/product\/yoast-seo-wordpress\/ -->\n<title>Elefanttitalon miehen haastattelu ei ole keskim\u00e4\u00e4r\u00e4inen vuoden lopun tarinasi - Radis<\/title>\n<meta name=\"robots\" content=\"index, follow, max-snippet:-1, max-image-preview:large, max-video-preview:-1\" \/>\n<link rel=\"canonical\" href=\"https:\/\/radis.ee\/fi\/elevandi-majaga-mehe-kusitlemine-ei-ole-tavaline-aastalopu-lugu\/\" \/>\n<meta property=\"og:locale\" content=\"fi_FI\" \/>\n<meta property=\"og:type\" content=\"article\" \/>\n<meta property=\"og:title\" content=\"Elefanttitalon miehen haastattelu ei ole keskim\u00e4\u00e4r\u00e4inen vuoden lopun tarinasi - Radis\" \/>\n<meta property=\"og:description\" content=\"Jos et tied\u00e4 pid\u00e4tk\u00f6 kaaresta vai kupolista, olet ehk\u00e4 missannut suuren ajan. H\u00e4n avasi juuri toisen n\u00e4yttelyns\u00e4 Tallinnassa t\u00e4n\u00e4 vuonna &#8211; nyt tunnetaan enemm\u00e4n taidemaalarina ja yleisesti viel\u00e4 enemm\u00e4n arkkitehtina Vilen K\u00fcnnapu (s. 1948) on tehnyt pitk\u00e4aikaisia vaikutuksia mieliin ja syd\u00e4miin kaikkialla maailmassa. H\u00e4nen ty\u00f6h\u00f6ns\u00e4 arkkitehtialalla on neuvostoajan lopun kolhozprojekteja kaupunkisuunnitteluun ja nykyajan ostoskeskuksiin Pohjoismaiden...\" \/>\n<meta property=\"og:url\" content=\"https:\/\/radis.ee\/fi\/elevandi-majaga-mehe-kusitlemine-ei-ole-tavaline-aastalopu-lugu\/\" \/>\n<meta property=\"og:site_name\" content=\"Radis\" \/>\n<meta property=\"article:publisher\" content=\"https:\/\/www.facebook.com\/radisfurniture\/\" \/>\n<meta property=\"article:published_time\" content=\"2023-01-11T20:45:37+00:00\" \/>\n<meta property=\"article:modified_time\" content=\"2023-08-30T20:16:09+00:00\" \/>\n<meta property=\"og:image\" content=\"https:\/\/radis.ee\/wp-content\/uploads\/2023\/08\/Radis_Furniture_Vilen_Kunnapu_KYT5566.jpg\" \/>\n\t<meta property=\"og:image:width\" content=\"654\" \/>\n\t<meta property=\"og:image:height\" content=\"474\" \/>\n\t<meta property=\"og:image:type\" content=\"image\/jpeg\" \/>\n<meta name=\"author\" content=\"Mauri Abner\" \/>\n<meta name=\"twitter:card\" content=\"summary_large_image\" \/>\n<meta name=\"twitter:label1\" content=\"Kirjoittanut\" \/>\n\t<meta name=\"twitter:data1\" content=\"Mauri Abner\" \/>\n\t<meta name=\"twitter:label2\" content=\"Arvioitu lukuaika\" \/>\n\t<meta name=\"twitter:data2\" content=\"4 minuuttia\" \/>\n<script type=\"application\/ld+json\" class=\"yoast-schema-graph\">{\"@context\":\"https:\\\/\\\/schema.org\",\"@graph\":[{\"@type\":\"Article\",\"@id\":\"https:\\\/\\\/radis.ee\\\/fi\\\/elevandi-majaga-mehe-kusitlemine-ei-ole-tavaline-aastalopu-lugu\\\/#article\",\"isPartOf\":{\"@id\":\"https:\\\/\\\/radis.ee\\\/fi\\\/elevandi-majaga-mehe-kusitlemine-ei-ole-tavaline-aastalopu-lugu\\\/\"},\"author\":{\"name\":\"Mauri Abner\",\"@id\":\"https:\\\/\\\/radis.ee\\\/#\\\/schema\\\/person\\\/82b3717747b95054e374cb142668774b\"},\"headline\":\"Elefanttitalon miehen haastattelu ei ole keskim\u00e4\u00e4r\u00e4inen vuoden lopun tarinasi\",\"datePublished\":\"2023-01-11T20:45:37+00:00\",\"dateModified\":\"2023-08-30T20:16:09+00:00\",\"mainEntityOfPage\":{\"@id\":\"https:\\\/\\\/radis.ee\\\/fi\\\/elevandi-majaga-mehe-kusitlemine-ei-ole-tavaline-aastalopu-lugu\\\/\"},\"wordCount\":787,\"commentCount\":0,\"publisher\":{\"@id\":\"https:\\\/\\\/radis.ee\\\/#organization\"},\"image\":{\"@id\":\"https:\\\/\\\/radis.ee\\\/fi\\\/elevandi-majaga-mehe-kusitlemine-ei-ole-tavaline-aastalopu-lugu\\\/#primaryimage\"},\"thumbnailUrl\":\"https:\\\/\\\/radis.ee\\\/wp-content\\\/uploads\\\/2023\\\/08\\\/Radis_Furniture_Vilen_Kunnapu_KYT5566.jpg\",\"articleSection\":[\"Blogi\"],\"inLanguage\":\"fi\",\"potentialAction\":[{\"@type\":\"CommentAction\",\"name\":\"Comment\",\"target\":[\"https:\\\/\\\/radis.ee\\\/fi\\\/elevandi-majaga-mehe-kusitlemine-ei-ole-tavaline-aastalopu-lugu\\\/#respond\"]}]},{\"@type\":\"WebPage\",\"@id\":\"https:\\\/\\\/radis.ee\\\/fi\\\/elevandi-majaga-mehe-kusitlemine-ei-ole-tavaline-aastalopu-lugu\\\/\",\"url\":\"https:\\\/\\\/radis.ee\\\/fi\\\/elevandi-majaga-mehe-kusitlemine-ei-ole-tavaline-aastalopu-lugu\\\/\",\"name\":\"Elefanttitalon miehen haastattelu ei ole keskim\u00e4\u00e4r\u00e4inen vuoden lopun tarinasi - Radis\",\"isPartOf\":{\"@id\":\"https:\\\/\\\/radis.ee\\\/#website\"},\"primaryImageOfPage\":{\"@id\":\"https:\\\/\\\/radis.ee\\\/fi\\\/elevandi-majaga-mehe-kusitlemine-ei-ole-tavaline-aastalopu-lugu\\\/#primaryimage\"},\"image\":{\"@id\":\"https:\\\/\\\/radis.ee\\\/fi\\\/elevandi-majaga-mehe-kusitlemine-ei-ole-tavaline-aastalopu-lugu\\\/#primaryimage\"},\"thumbnailUrl\":\"https:\\\/\\\/radis.ee\\\/wp-content\\\/uploads\\\/2023\\\/08\\\/Radis_Furniture_Vilen_Kunnapu_KYT5566.jpg\",\"datePublished\":\"2023-01-11T20:45:37+00:00\",\"dateModified\":\"2023-08-30T20:16:09+00:00\",\"breadcrumb\":{\"@id\":\"https:\\\/\\\/radis.ee\\\/fi\\\/elevandi-majaga-mehe-kusitlemine-ei-ole-tavaline-aastalopu-lugu\\\/#breadcrumb\"},\"inLanguage\":\"fi\",\"potentialAction\":[{\"@type\":\"ReadAction\",\"target\":[\"https:\\\/\\\/radis.ee\\\/fi\\\/elevandi-majaga-mehe-kusitlemine-ei-ole-tavaline-aastalopu-lugu\\\/\"]}]},{\"@type\":\"ImageObject\",\"inLanguage\":\"fi\",\"@id\":\"https:\\\/\\\/radis.ee\\\/fi\\\/elevandi-majaga-mehe-kusitlemine-ei-ole-tavaline-aastalopu-lugu\\\/#primaryimage\",\"url\":\"https:\\\/\\\/radis.ee\\\/wp-content\\\/uploads\\\/2023\\\/08\\\/Radis_Furniture_Vilen_Kunnapu_KYT5566.jpg\",\"contentUrl\":\"https:\\\/\\\/radis.ee\\\/wp-content\\\/uploads\\\/2023\\\/08\\\/Radis_Furniture_Vilen_Kunnapu_KYT5566.jpg\",\"width\":654,\"height\":474},{\"@type\":\"BreadcrumbList\",\"@id\":\"https:\\\/\\\/radis.ee\\\/fi\\\/elevandi-majaga-mehe-kusitlemine-ei-ole-tavaline-aastalopu-lugu\\\/#breadcrumb\",\"itemListElement\":[{\"@type\":\"ListItem\",\"position\":1,\"name\":\"Home\",\"item\":\"https:\\\/\\\/radis.ee\\\/\"},{\"@type\":\"ListItem\",\"position\":2,\"name\":\"Elefanttitalon miehen haastattelu ei ole keskim\u00e4\u00e4r\u00e4inen vuoden lopun tarinasi\"}]},{\"@type\":\"WebSite\",\"@id\":\"https:\\\/\\\/radis.ee\\\/#website\",\"url\":\"https:\\\/\\\/radis.ee\\\/\",\"name\":\"Radis\",\"description\":\"Nordic design furniture, environmentally friendly and sustainable.\",\"publisher\":{\"@id\":\"https:\\\/\\\/radis.ee\\\/#organization\"},\"potentialAction\":[{\"@type\":\"SearchAction\",\"target\":{\"@type\":\"EntryPoint\",\"urlTemplate\":\"https:\\\/\\\/radis.ee\\\/?s={search_term_string}\"},\"query-input\":{\"@type\":\"PropertyValueSpecification\",\"valueRequired\":true,\"valueName\":\"search_term_string\"}}],\"inLanguage\":\"fi\"},{\"@type\":\"Organization\",\"@id\":\"https:\\\/\\\/radis.ee\\\/#organization\",\"name\":\"Radis O\u00dc\",\"url\":\"https:\\\/\\\/radis.ee\\\/\",\"logo\":{\"@type\":\"ImageObject\",\"inLanguage\":\"fi\",\"@id\":\"https:\\\/\\\/radis.ee\\\/#\\\/schema\\\/logo\\\/image\\\/\",\"url\":\"https:\\\/\\\/radis.ee\\\/wp-content\\\/uploads\\\/2020\\\/10\\\/Radis-logo.png\",\"contentUrl\":\"https:\\\/\\\/radis.ee\\\/wp-content\\\/uploads\\\/2020\\\/10\\\/Radis-logo.png\",\"width\":300,\"height\":63,\"caption\":\"Radis O\u00dc\"},\"image\":{\"@id\":\"https:\\\/\\\/radis.ee\\\/#\\\/schema\\\/logo\\\/image\\\/\"},\"sameAs\":[\"https:\\\/\\\/www.facebook.com\\\/radisfurniture\\\/\"]},{\"@type\":\"Person\",\"@id\":\"https:\\\/\\\/radis.ee\\\/#\\\/schema\\\/person\\\/82b3717747b95054e374cb142668774b\",\"name\":\"Mauri Abner\",\"url\":\"https:\\\/\\\/radis.ee\\\/fi\\\/author\\\/mauri\\\/\"}]}<\/script>\n<!-- \/ Yoast SEO plugin. -->","yoast_head_json":{"title":"Elefanttitalon miehen haastattelu ei ole keskim\u00e4\u00e4r\u00e4inen vuoden lopun tarinasi - Radis","robots":{"index":"index","follow":"follow","max-snippet":"max-snippet:-1","max-image-preview":"max-image-preview:large","max-video-preview":"max-video-preview:-1"},"canonical":"https:\/\/radis.ee\/fi\/elevandi-majaga-mehe-kusitlemine-ei-ole-tavaline-aastalopu-lugu\/","og_locale":"fi_FI","og_type":"article","og_title":"Elefanttitalon miehen haastattelu ei ole keskim\u00e4\u00e4r\u00e4inen vuoden lopun tarinasi - Radis","og_description":"Jos et tied\u00e4 pid\u00e4tk\u00f6 kaaresta vai kupolista, olet ehk\u00e4 missannut suuren ajan. H\u00e4n avasi juuri toisen n\u00e4yttelyns\u00e4 Tallinnassa t\u00e4n\u00e4 vuonna &#8211; nyt tunnetaan enemm\u00e4n taidemaalarina ja yleisesti viel\u00e4 enemm\u00e4n arkkitehtina Vilen K\u00fcnnapu (s. 1948) on tehnyt pitk\u00e4aikaisia vaikutuksia mieliin ja syd\u00e4miin kaikkialla maailmassa. H\u00e4nen ty\u00f6h\u00f6ns\u00e4 arkkitehtialalla on neuvostoajan lopun kolhozprojekteja kaupunkisuunnitteluun ja nykyajan ostoskeskuksiin Pohjoismaiden...","og_url":"https:\/\/radis.ee\/fi\/elevandi-majaga-mehe-kusitlemine-ei-ole-tavaline-aastalopu-lugu\/","og_site_name":"Radis","article_publisher":"https:\/\/www.facebook.com\/radisfurniture\/","article_published_time":"2023-01-11T20:45:37+00:00","article_modified_time":"2023-08-30T20:16:09+00:00","og_image":[{"width":654,"height":474,"url":"https:\/\/radis.ee\/wp-content\/uploads\/2023\/08\/Radis_Furniture_Vilen_Kunnapu_KYT5566.jpg","type":"image\/jpeg"}],"author":"Mauri Abner","twitter_card":"summary_large_image","twitter_misc":{"Kirjoittanut":"Mauri Abner","Arvioitu lukuaika":"4 minuuttia"},"schema":{"@context":"https:\/\/schema.org","@graph":[{"@type":"Article","@id":"https:\/\/radis.ee\/fi\/elevandi-majaga-mehe-kusitlemine-ei-ole-tavaline-aastalopu-lugu\/#article","isPartOf":{"@id":"https:\/\/radis.ee\/fi\/elevandi-majaga-mehe-kusitlemine-ei-ole-tavaline-aastalopu-lugu\/"},"author":{"name":"Mauri Abner","@id":"https:\/\/radis.ee\/#\/schema\/person\/82b3717747b95054e374cb142668774b"},"headline":"Elefanttitalon miehen haastattelu ei ole keskim\u00e4\u00e4r\u00e4inen vuoden lopun tarinasi","datePublished":"2023-01-11T20:45:37+00:00","dateModified":"2023-08-30T20:16:09+00:00","mainEntityOfPage":{"@id":"https:\/\/radis.ee\/fi\/elevandi-majaga-mehe-kusitlemine-ei-ole-tavaline-aastalopu-lugu\/"},"wordCount":787,"commentCount":0,"publisher":{"@id":"https:\/\/radis.ee\/#organization"},"image":{"@id":"https:\/\/radis.ee\/fi\/elevandi-majaga-mehe-kusitlemine-ei-ole-tavaline-aastalopu-lugu\/#primaryimage"},"thumbnailUrl":"https:\/\/radis.ee\/wp-content\/uploads\/2023\/08\/Radis_Furniture_Vilen_Kunnapu_KYT5566.jpg","articleSection":["Blogi"],"inLanguage":"fi","potentialAction":[{"@type":"CommentAction","name":"Comment","target":["https:\/\/radis.ee\/fi\/elevandi-majaga-mehe-kusitlemine-ei-ole-tavaline-aastalopu-lugu\/#respond"]}]},{"@type":"WebPage","@id":"https:\/\/radis.ee\/fi\/elevandi-majaga-mehe-kusitlemine-ei-ole-tavaline-aastalopu-lugu\/","url":"https:\/\/radis.ee\/fi\/elevandi-majaga-mehe-kusitlemine-ei-ole-tavaline-aastalopu-lugu\/","name":"Elefanttitalon miehen haastattelu ei ole keskim\u00e4\u00e4r\u00e4inen vuoden lopun tarinasi - Radis","isPartOf":{"@id":"https:\/\/radis.ee\/#website"},"primaryImageOfPage":{"@id":"https:\/\/radis.ee\/fi\/elevandi-majaga-mehe-kusitlemine-ei-ole-tavaline-aastalopu-lugu\/#primaryimage"},"image":{"@id":"https:\/\/radis.ee\/fi\/elevandi-majaga-mehe-kusitlemine-ei-ole-tavaline-aastalopu-lugu\/#primaryimage"},"thumbnailUrl":"https:\/\/radis.ee\/wp-content\/uploads\/2023\/08\/Radis_Furniture_Vilen_Kunnapu_KYT5566.jpg","datePublished":"2023-01-11T20:45:37+00:00","dateModified":"2023-08-30T20:16:09+00:00","breadcrumb":{"@id":"https:\/\/radis.ee\/fi\/elevandi-majaga-mehe-kusitlemine-ei-ole-tavaline-aastalopu-lugu\/#breadcrumb"},"inLanguage":"fi","potentialAction":[{"@type":"ReadAction","target":["https:\/\/radis.ee\/fi\/elevandi-majaga-mehe-kusitlemine-ei-ole-tavaline-aastalopu-lugu\/"]}]},{"@type":"ImageObject","inLanguage":"fi","@id":"https:\/\/radis.ee\/fi\/elevandi-majaga-mehe-kusitlemine-ei-ole-tavaline-aastalopu-lugu\/#primaryimage","url":"https:\/\/radis.ee\/wp-content\/uploads\/2023\/08\/Radis_Furniture_Vilen_Kunnapu_KYT5566.jpg","contentUrl":"https:\/\/radis.ee\/wp-content\/uploads\/2023\/08\/Radis_Furniture_Vilen_Kunnapu_KYT5566.jpg","width":654,"height":474},{"@type":"BreadcrumbList","@id":"https:\/\/radis.ee\/fi\/elevandi-majaga-mehe-kusitlemine-ei-ole-tavaline-aastalopu-lugu\/#breadcrumb","itemListElement":[{"@type":"ListItem","position":1,"name":"Home","item":"https:\/\/radis.ee\/"},{"@type":"ListItem","position":2,"name":"Elefanttitalon miehen haastattelu ei ole keskim\u00e4\u00e4r\u00e4inen vuoden lopun tarinasi"}]},{"@type":"WebSite","@id":"https:\/\/radis.ee\/#website","url":"https:\/\/radis.ee\/","name":"Radis","description":"Nordic design furniture, environmentally friendly and sustainable.","publisher":{"@id":"https:\/\/radis.ee\/#organization"},"potentialAction":[{"@type":"SearchAction","target":{"@type":"EntryPoint","urlTemplate":"https:\/\/radis.ee\/?s={search_term_string}"},"query-input":{"@type":"PropertyValueSpecification","valueRequired":true,"valueName":"search_term_string"}}],"inLanguage":"fi"},{"@type":"Organization","@id":"https:\/\/radis.ee\/#organization","name":"Radis O\u00dc","url":"https:\/\/radis.ee\/","logo":{"@type":"ImageObject","inLanguage":"fi","@id":"https:\/\/radis.ee\/#\/schema\/logo\/image\/","url":"https:\/\/radis.ee\/wp-content\/uploads\/2020\/10\/Radis-logo.png","contentUrl":"https:\/\/radis.ee\/wp-content\/uploads\/2020\/10\/Radis-logo.png","width":300,"height":63,"caption":"Radis O\u00dc"},"image":{"@id":"https:\/\/radis.ee\/#\/schema\/logo\/image\/"},"sameAs":["https:\/\/www.facebook.com\/radisfurniture\/"]},{"@type":"Person","@id":"https:\/\/radis.ee\/#\/schema\/person\/82b3717747b95054e374cb142668774b","name":"Mauri Abner","url":"https:\/\/radis.ee\/fi\/author\/mauri\/"}]}},"_links":{"self":[{"href":"https:\/\/radis.ee\/fi\/wp-json\/wp\/v2\/posts\/23161","targetHints":{"allow":["GET"]}}],"collection":[{"href":"https:\/\/radis.ee\/fi\/wp-json\/wp\/v2\/posts"}],"about":[{"href":"https:\/\/radis.ee\/fi\/wp-json\/wp\/v2\/types\/post"}],"author":[{"embeddable":true,"href":"https:\/\/radis.ee\/fi\/wp-json\/wp\/v2\/users\/2"}],"replies":[{"embeddable":true,"href":"https:\/\/radis.ee\/fi\/wp-json\/wp\/v2\/comments?post=23161"}],"version-history":[{"count":0,"href":"https:\/\/radis.ee\/fi\/wp-json\/wp\/v2\/posts\/23161\/revisions"}],"wp:featuredmedia":[{"embeddable":true,"href":"https:\/\/radis.ee\/fi\/wp-json\/wp\/v2\/media\/23141"}],"wp:attachment":[{"href":"https:\/\/radis.ee\/fi\/wp-json\/wp\/v2\/media?parent=23161"}],"wp:term":[{"taxonomy":"category","embeddable":true,"href":"https:\/\/radis.ee\/fi\/wp-json\/wp\/v2\/categories?post=23161"},{"taxonomy":"post_tag","embeddable":true,"href":"https:\/\/radis.ee\/fi\/wp-json\/wp\/v2\/tags?post=23161"}],"curies":[{"name":"wp","href":"https:\/\/api.w.org\/{rel}","templated":true}]}}