{"id":23163,"date":"2023-01-11T22:45:37","date_gmt":"2023-01-11T20:45:37","guid":{"rendered":"https:\/\/radis.ee\/elevandi-majaga-mehe-kusitlemine-ei-ole-tavaline-aastalopu-lugu\/"},"modified":"2023-08-30T23:23:28","modified_gmt":"2023-08-30T20:23:28","slug":"elevandi-majaga-mehe-kusitlemine-ei-ole-tavaline-aastalopu-lugu","status":"publish","type":"post","link":"https:\/\/radis.ee\/fr\/elevandi-majaga-mehe-kusitlemine-ei-ole-tavaline-aastalopu-lugu\/","title":{"rendered":"Interviewer un homme avec une maison d&rsquo;\u00e9l\u00e9phant n&rsquo;est pas une histoire de fin d&rsquo;ann\u00e9e ordinaire"},"content":{"rendered":"<p>Si vous ne savez pas si vous aimez l&rsquo;arc ou la coupole, vous avez peut-\u00eatre rat\u00e9 un moment important. Il vient d&rsquo;ouvrir sa deuxi\u00e8me exposition \u00e0 Tallinn cette ann\u00e9e &#8211; d\u00e9sormais plus connu en tant que peintre et surtout encore plus connu en tant qu&rsquo;architecte. Vilen K\u00fcnnapu (n\u00e9 en 1948) a eu un impact \u00e0 long terme sur les esprits et les c\u0153urs du monde entier. Son travail dans le domaine architectural s\u2019\u00e9tend des projets kolkhoziens de la fin de l\u2019\u00e8re sovi\u00e9tique jusqu\u2019\u00e0 l\u2019urbanisme et aux centres commerciaux modernes jusqu\u2019aux gratte-ciel de l\u2019Europe nordique. Mais les d\u00e9tails font l&rsquo;essence et la meilleure pratique est toujours une maison, m\u00eame si elle arrive parfois avec un \u00e9l\u00e9phant bleu entour\u00e9 de pins.<\/p>\n<p><strong><img loading=\"lazy\" decoding=\"async\" class=\"alignnone wp-image-23150\" src=\"https:\/\/radis.ee\/wp-content\/uploads\/2023\/08\/Radis_Furniture_Vilen_Kunnapu_KYT5637-300x216.jpg\" alt=\"\" width=\"545\" height=\"392\" srcset=\"https:\/\/radis.ee\/wp-content\/uploads\/2023\/08\/Radis_Furniture_Vilen_Kunnapu_KYT5637-300x216.jpg 300w, https:\/\/radis.ee\/wp-content\/uploads\/2023\/08\/Radis_Furniture_Vilen_Kunnapu_KYT5637-600x432.jpg 600w, https:\/\/radis.ee\/wp-content\/uploads\/2023\/08\/Radis_Furniture_Vilen_Kunnapu_KYT5637-60x43.jpg 60w, https:\/\/radis.ee\/wp-content\/uploads\/2023\/08\/Radis_Furniture_Vilen_Kunnapu_KYT5637-125x90.jpg 125w, https:\/\/radis.ee\/wp-content\/uploads\/2023\/08\/Radis_Furniture_Vilen_Kunnapu_KYT5637.jpg 659w\" sizes=\"auto, (max-width: 545px) 100vw, 545px\" \/><\/strong><\/p>\n<p><strong>Maris: Merci de nous avoir invit\u00e9s \u00e0 votre exposition. Qu\u2019en pensez-vous, est-il g\u00e9n\u00e9ralement possible de constater un chevauchement d\u2019id\u00e9ologies et d\u2019esth\u00e9tiques apr\u00e8s l\u2019ouverture du spectacle ? Quand les tableaux sont \u00e0 l&rsquo;honneur et qu&rsquo;on ne les cache plus ?<\/strong><\/p>\n<p><strong>Vilen:<\/strong> Si les tableaux sont situ\u00e9s sur les murs de la galerie dans son ensemble, c&rsquo;est Le jour et la Nuit. Ils prennent vie avec plus de puissance. Chaque exposition a une \u00e9nerg\u00e9tique diff\u00e9rente. Ici, sur la place Kadriorg, ils vont travailler avec un atrium en forme de mandala, qui est aussi une puissante verticale.<\/p>\n<p><strong>Maris: Comment d\u00e9cririez-vous l&rsquo;histoire d&rsquo;une vue avec peut-\u00eatre une fen\u00eatre, une tour ou un arc entourant des pins ou des cypr\u00e8s ?<\/strong><\/p>\n<p><strong>Vilen:<\/strong> Certains motifs de Santorin ou d&rsquo;ailleurs donnent l&rsquo;impulsion initiale. Mais au cours du travail, la magie du tableau lui-m\u00eame appara\u00eet. Le cypr\u00e8s ou la lune commence alors \u00e0 raconter son histoire, et moi, en tant qu&rsquo;artiste, je ne suis qu&rsquo;un livreur okie-dokie.<\/p>\n<p><strong>Maris: En regardant en arri\u00e8re au fil des d\u00e9cennies, quelles sont vos pr\u00e9f\u00e9r\u00e9es et parlez-nous un peu de ce qui le rendait si amusant \u00e0 l&rsquo;\u00e9poque ?<\/strong><\/p>\n<p><strong>Vilen:<\/strong> Les ann\u00e9es 60 et 70 ont \u00e9t\u00e9 mes ann\u00e9es de formation. Tr\u00e8s amusant, agr\u00e9able et plein d&rsquo;\u00e9nergie. Ce nuage d\u2019\u00e9nergie devait recouvrir la plan\u00e8te enti\u00e8re. Les ann\u00e9es 90 et 2000 ont \u00e9t\u00e9 les ann\u00e9es de ma renaissance.<\/p>\n<p><strong>Maris: Quels sont les styles et les capacit\u00e9s les plus socratiques de votre ville natale qui vous ont provoqu\u00e9 au cours des 20 derni\u00e8res ann\u00e9es et y a-t-il de petites \u00e9tapes et des moyens d&rsquo;apporter des changements ?<\/strong><\/p>\n<p><strong>Vilen:<\/strong> Probablement, je ne sais pas grand-chose sur Socrate. Tallinn est ma ville pr\u00e9f\u00e9r\u00e9e et elle change tout le temps. Au cours des 20 \u00e0 30 derni\u00e8res ann\u00e9es, le triangle amoureux comprenant la vieille ville, le port et la ville a pris vie ! Je dois aussi dire qu&rsquo;au fil des ann\u00e9es je suis pleinement la fortune des maisons que j&rsquo;ai con\u00e7ues.<\/p>\n<p><strong><img loading=\"lazy\" decoding=\"async\" class=\"alignnone wp-image-23126\" src=\"https:\/\/radis.ee\/wp-content\/uploads\/2023\/08\/Radis_Furniture_Vilen_Kunnapu_KYT5538-300x206.jpg\" alt=\"\" width=\"575\" height=\"395\" srcset=\"https:\/\/radis.ee\/wp-content\/uploads\/2023\/08\/Radis_Furniture_Vilen_Kunnapu_KYT5538-300x206.jpg 300w, https:\/\/radis.ee\/wp-content\/uploads\/2023\/08\/Radis_Furniture_Vilen_Kunnapu_KYT5538-600x411.jpg 600w, https:\/\/radis.ee\/wp-content\/uploads\/2023\/08\/Radis_Furniture_Vilen_Kunnapu_KYT5538-60x41.jpg 60w, https:\/\/radis.ee\/wp-content\/uploads\/2023\/08\/Radis_Furniture_Vilen_Kunnapu_KYT5538-131x90.jpg 131w, https:\/\/radis.ee\/wp-content\/uploads\/2023\/08\/Radis_Furniture_Vilen_Kunnapu_KYT5538.jpg 845w\" sizes=\"auto, (max-width: 575px) 100vw, 575px\" \/><\/strong><\/p>\n<p><strong>Maris: Comme nous avons fait un petit trottoir lent ici, \u00eates-vous plut\u00f4t matin ou soir ? Pouvez-vous d\u00e9crire la routine quotidienne avant de mettre de la peinture sur un pinceau ?<\/strong><\/p>\n<p><strong>Vilen:<\/strong> Je suis une personne du soir. Je me r\u00e9veille tard, je regarde des films longtemps la nuit et je lis ou reste bouche b\u00e9e comme \u00e7a. D\u00e8s 14 heures, je peux donner des cours, guider les \u00e9tudiants et peindre. Je dessine des maisons \u00e0 toute heure, m\u00eame la nuit.<\/p>\n<p><strong>Maris: Lors de visites et de voyages. Remarquez-vous \u00e9galement ce que les autres personnes ont dans leur int\u00e9rieur et comment ils s&rsquo;y int\u00e8grent ?<\/strong><\/p>\n<p><strong>Vilen:<\/strong> J&rsquo;aime les int\u00e9rieurs modernes avec de pr\u00e9f\u00e9rence des gens modernes. Mais parfois aussi des int\u00e9rieurs vieillots d\u00e9cadents avec des gens absolument dr\u00f4les. Lorsque je voyage, je suis dou\u00e9 pour choisir des h\u00f4tels en fonction de leurs jolis int\u00e9rieurs. Par exemple, l\u2019art-d\u00e9co new-yorkais est enchanteur.<\/p>\n<p><strong>Maris: Les mat\u00e9riaux que les gens aiment g\u00e9n\u00e9ralement beaucoup ont pour la plupart des surfaces merveilleusement agr\u00e9ables ou sont inoffensifs pour la sant\u00e9. Lorsque vous choisissez des mat\u00e9riaux pour la sculpture, la peinture ou pour des conversations avec d&rsquo;autres personnes, y a-t-il des astuces ou des r\u00e9servoirs que vous aimeriez faire ressortir pour prendre des notes ?<\/strong><\/p>\n<p><strong>Vilen:<\/strong> Je suis une personne enti\u00e8rement bas\u00e9e sur la forme. Les mat\u00e9riaux sont moyens. La forme et la g\u00e9om\u00e9trie d\u00e9terminent l&rsquo;\u00e9nerg\u00e9tique. A \u00e9t\u00e9 dit. Qu&rsquo;il vient d&rsquo;un endroit o\u00f9 il n&rsquo;y a pas de mat\u00e9riaux, seulement des id\u00e9es. Cependant, j\u2019ai l\u2019habitude d\u2019aimer la pierre et le b\u00e9ton doux.<\/p>\n<p><strong>Maris: Pouvez-vous nous parler de l&rsquo;endroit o\u00f9 vous avez grandi et de la part de cr\u00e9ativit\u00e9 qui faisait partie de votre enfance ?<\/strong><\/p>\n<p><strong>Vilen:<\/strong> La maison de mon enfance \u00e9tait \u00e0 Kadriorg et il y r\u00e9gnait une atmosph\u00e8re chaleureuse et aimante. Mon p\u00e8re \u00e9tait un bon dessinateur et ma m\u00e8re aimait la musique et lisait toujours beaucoup. Ils m\u2019ont tous deux beaucoup influenc\u00e9. Il se trouve que je r\u00e9alisais leurs r\u00eaves.<\/p>\n<p><strong><img loading=\"lazy\" decoding=\"async\" class=\"alignnone wp-image-23132\" src=\"https:\/\/radis.ee\/wp-content\/uploads\/2023\/08\/Radis_Furniture_Vilen_Kunnapu_KYT5558-300x200.jpg\" alt=\"\" width=\"539\" height=\"359\" srcset=\"https:\/\/radis.ee\/wp-content\/uploads\/2023\/08\/Radis_Furniture_Vilen_Kunnapu_KYT5558-300x200.jpg 300w, https:\/\/radis.ee\/wp-content\/uploads\/2023\/08\/Radis_Furniture_Vilen_Kunnapu_KYT5558-1024x683.jpg 1024w, https:\/\/radis.ee\/wp-content\/uploads\/2023\/08\/Radis_Furniture_Vilen_Kunnapu_KYT5558-600x400.jpg 600w, https:\/\/radis.ee\/wp-content\/uploads\/2023\/08\/Radis_Furniture_Vilen_Kunnapu_KYT5558-60x40.jpg 60w, https:\/\/radis.ee\/wp-content\/uploads\/2023\/08\/Radis_Furniture_Vilen_Kunnapu_KYT5558-135x90.jpg 135w, https:\/\/radis.ee\/wp-content\/uploads\/2023\/08\/Radis_Furniture_Vilen_Kunnapu_KYT5558.jpg 1192w\" sizes=\"auto, (max-width: 539px) 100vw, 539px\" \/><\/strong><\/p>\n<p><strong>Maris: Que vous disent les gens lorsqu\u2019ils regardent votre travail aujourd\u2019hui ?<\/strong><\/p>\n<p><strong>Vilen:<\/strong> Ils disent qu&rsquo;ils ont chaud et que leur humeur s&rsquo;am\u00e9liore. Certains se d\u00e9barrassent d&rsquo;un mal de t\u00eate ou d&rsquo;un rhume. Ils disent des choses diff\u00e9rentes, mais ils parlent toujours. Les images les excitent.<\/p>\n<p><strong>Maris: Comment votre d\u00e9vouement \u00e0 l\u2019architecture en g\u00e9n\u00e9ral a-t-il fa\u00e7onn\u00e9 votre vision de la vie ? Quelles le\u00e7ons de vie pouvez-vous partager avec les autres ?<\/strong><\/p>\n<p><strong>Vilen:<\/strong> Ma vie s&rsquo;est d\u00e9roul\u00e9e dans des termes dont l&rsquo;\u00e9picentre est au milieu de l&rsquo;architecture. Et je ne peux pas s\u00e9parer l&rsquo;architecture de l&rsquo;implication de l&rsquo;art. La peinture vient souvent en premier, suivie par l&rsquo;architecture, le design, etc.<\/p>\n<p><strong>Maris: Parlez-nous de vos meubles pr\u00e9f\u00e9r\u00e9s. Qu\u2019est-ce qui le rend si bon ?<\/strong><\/p>\n<p><strong>Vilen:<\/strong> J&rsquo;aime toutes sortes de canap\u00e9s. Mes meilleures id\u00e9es naissent en m&rsquo;y attardant. Les grandes tables \u00e0 manger sont \u00e9galement grandioses. La n\u00f4tre a un panneau en ch\u00eane et une table en verre coulisse en dessous pour que toute la maison puisse s&rsquo;asseoir proprement.<\/p>\n<p><strong>Maris: Encore une fois. Merci pour cette interview de fin d&rsquo;ann\u00e9e, comme le titre du magazine Andy Warhol, cette interview a \u00e9t\u00e9 un voyage incroyable.<\/strong><\/p>\n<p><strong>Vilen:<\/strong> Merci, InterView a \u00e9t\u00e9 pendant des ann\u00e9es mon magazine de table.<\/p>\n<p><img loading=\"lazy\" decoding=\"async\" class=\"alignnone wp-image-23144\" src=\"https:\/\/radis.ee\/wp-content\/uploads\/2023\/08\/Radis_Furniture_Vilen_Kunnapu_KYT5606-300x206.jpg\" alt=\"\" width=\"532\" height=\"365\" srcset=\"https:\/\/radis.ee\/wp-content\/uploads\/2023\/08\/Radis_Furniture_Vilen_Kunnapu_KYT5606-300x206.jpg 300w, https:\/\/radis.ee\/wp-content\/uploads\/2023\/08\/Radis_Furniture_Vilen_Kunnapu_KYT5606-600x412.jpg 600w, https:\/\/radis.ee\/wp-content\/uploads\/2023\/08\/Radis_Furniture_Vilen_Kunnapu_KYT5606-60x41.jpg 60w, https:\/\/radis.ee\/wp-content\/uploads\/2023\/08\/Radis_Furniture_Vilen_Kunnapu_KYT5606-131x90.jpg 131w, https:\/\/radis.ee\/wp-content\/uploads\/2023\/08\/Radis_Furniture_Vilen_Kunnapu_KYT5606.jpg 823w\" sizes=\"auto, (max-width: 532px) 100vw, 532px\" \/><\/p>\n","protected":false},"excerpt":{"rendered":"<p>Si vous ne savez pas si vous aimez l&rsquo;arc ou la coupole, vous avez peut-\u00eatre rat\u00e9 un moment important. Il vient d&rsquo;ouvrir sa deuxi\u00e8me exposition \u00e0 Tallinn cette ann\u00e9e &#8211; d\u00e9sormais plus connu en tant que peintre et surtout encore plus connu en tant qu&rsquo;architecte. Vilen K\u00fcnnapu (n\u00e9 en 1948) a eu un impact \u00e0&#8230;<\/p>\n","protected":false},"author":2,"featured_media":23142,"comment_status":"open","ping_status":"open","sticky":false,"template":"","format":"standard","meta":{"_acf_changed":false,"footnotes":""},"categories":[1071],"tags":[],"class_list":["post-23163","post","type-post","status-publish","format-standard","has-post-thumbnail","hentry","category-blog"],"acf":[],"yoast_head":"<!-- This site is optimized with the Yoast SEO plugin v27.4 - https:\/\/yoast.com\/product\/yoast-seo-wordpress\/ -->\n<title>Interviewer un homme avec une maison d&#039;\u00e9l\u00e9phant n&#039;est pas une histoire de fin d&#039;ann\u00e9e ordinaire - Radis<\/title>\n<meta name=\"robots\" content=\"index, follow, max-snippet:-1, max-image-preview:large, max-video-preview:-1\" \/>\n<link rel=\"canonical\" href=\"https:\/\/radis.ee\/fr\/elevandi-majaga-mehe-kusitlemine-ei-ole-tavaline-aastalopu-lugu\/\" \/>\n<meta property=\"og:locale\" content=\"fr_FR\" \/>\n<meta property=\"og:type\" content=\"article\" \/>\n<meta property=\"og:title\" content=\"Interviewer un homme avec une maison d&#039;\u00e9l\u00e9phant n&#039;est pas une histoire de fin d&#039;ann\u00e9e ordinaire - Radis\" \/>\n<meta property=\"og:description\" content=\"Si vous ne savez pas si vous aimez l&rsquo;arc ou la coupole, vous avez peut-\u00eatre rat\u00e9 un moment important. Il vient d&rsquo;ouvrir sa deuxi\u00e8me exposition \u00e0 Tallinn cette ann\u00e9e &#8211; d\u00e9sormais plus connu en tant que peintre et surtout encore plus connu en tant qu&rsquo;architecte. Vilen K\u00fcnnapu (n\u00e9 en 1948) a eu un impact \u00e0...\" \/>\n<meta property=\"og:url\" content=\"https:\/\/radis.ee\/fr\/elevandi-majaga-mehe-kusitlemine-ei-ole-tavaline-aastalopu-lugu\/\" \/>\n<meta property=\"og:site_name\" content=\"Radis\" \/>\n<meta property=\"article:publisher\" content=\"https:\/\/www.facebook.com\/radisfurniture\/\" \/>\n<meta property=\"article:published_time\" content=\"2023-01-11T20:45:37+00:00\" \/>\n<meta property=\"article:modified_time\" content=\"2023-08-30T20:23:28+00:00\" \/>\n<meta property=\"og:image\" content=\"https:\/\/radis.ee\/wp-content\/uploads\/2023\/08\/Radis_Furniture_Vilen_Kunnapu_KYT5566.jpg\" \/>\n\t<meta property=\"og:image:width\" content=\"654\" \/>\n\t<meta property=\"og:image:height\" content=\"474\" \/>\n\t<meta property=\"og:image:type\" content=\"image\/jpeg\" \/>\n<meta name=\"author\" content=\"Mauri Abner\" \/>\n<meta name=\"twitter:card\" content=\"summary_large_image\" \/>\n<meta name=\"twitter:label1\" content=\"\u00c9crit par\" \/>\n\t<meta name=\"twitter:data1\" content=\"Mauri Abner\" \/>\n\t<meta name=\"twitter:label2\" content=\"Dur\u00e9e de lecture estim\u00e9e\" \/>\n\t<meta name=\"twitter:data2\" content=\"4 minutes\" \/>\n<script type=\"application\/ld+json\" class=\"yoast-schema-graph\">{\"@context\":\"https:\\\/\\\/schema.org\",\"@graph\":[{\"@type\":\"Article\",\"@id\":\"https:\\\/\\\/radis.ee\\\/fr\\\/elevandi-majaga-mehe-kusitlemine-ei-ole-tavaline-aastalopu-lugu\\\/#article\",\"isPartOf\":{\"@id\":\"https:\\\/\\\/radis.ee\\\/fr\\\/elevandi-majaga-mehe-kusitlemine-ei-ole-tavaline-aastalopu-lugu\\\/\"},\"author\":{\"name\":\"Mauri Abner\",\"@id\":\"https:\\\/\\\/radis.ee\\\/#\\\/schema\\\/person\\\/82b3717747b95054e374cb142668774b\"},\"headline\":\"Interviewer un homme avec une maison d&rsquo;\u00e9l\u00e9phant n&rsquo;est pas une histoire de fin d&rsquo;ann\u00e9e ordinaire\",\"datePublished\":\"2023-01-11T20:45:37+00:00\",\"dateModified\":\"2023-08-30T20:23:28+00:00\",\"mainEntityOfPage\":{\"@id\":\"https:\\\/\\\/radis.ee\\\/fr\\\/elevandi-majaga-mehe-kusitlemine-ei-ole-tavaline-aastalopu-lugu\\\/\"},\"wordCount\":1128,\"commentCount\":0,\"publisher\":{\"@id\":\"https:\\\/\\\/radis.ee\\\/#organization\"},\"image\":{\"@id\":\"https:\\\/\\\/radis.ee\\\/fr\\\/elevandi-majaga-mehe-kusitlemine-ei-ole-tavaline-aastalopu-lugu\\\/#primaryimage\"},\"thumbnailUrl\":\"https:\\\/\\\/radis.ee\\\/wp-content\\\/uploads\\\/2023\\\/08\\\/Radis_Furniture_Vilen_Kunnapu_KYT5566.jpg\",\"articleSection\":[\"Blog\"],\"inLanguage\":\"fr-FR\",\"potentialAction\":[{\"@type\":\"CommentAction\",\"name\":\"Comment\",\"target\":[\"https:\\\/\\\/radis.ee\\\/fr\\\/elevandi-majaga-mehe-kusitlemine-ei-ole-tavaline-aastalopu-lugu\\\/#respond\"]}]},{\"@type\":\"WebPage\",\"@id\":\"https:\\\/\\\/radis.ee\\\/fr\\\/elevandi-majaga-mehe-kusitlemine-ei-ole-tavaline-aastalopu-lugu\\\/\",\"url\":\"https:\\\/\\\/radis.ee\\\/fr\\\/elevandi-majaga-mehe-kusitlemine-ei-ole-tavaline-aastalopu-lugu\\\/\",\"name\":\"Interviewer un homme avec une maison d'\u00e9l\u00e9phant n'est pas une histoire de fin d'ann\u00e9e ordinaire - Radis\",\"isPartOf\":{\"@id\":\"https:\\\/\\\/radis.ee\\\/#website\"},\"primaryImageOfPage\":{\"@id\":\"https:\\\/\\\/radis.ee\\\/fr\\\/elevandi-majaga-mehe-kusitlemine-ei-ole-tavaline-aastalopu-lugu\\\/#primaryimage\"},\"image\":{\"@id\":\"https:\\\/\\\/radis.ee\\\/fr\\\/elevandi-majaga-mehe-kusitlemine-ei-ole-tavaline-aastalopu-lugu\\\/#primaryimage\"},\"thumbnailUrl\":\"https:\\\/\\\/radis.ee\\\/wp-content\\\/uploads\\\/2023\\\/08\\\/Radis_Furniture_Vilen_Kunnapu_KYT5566.jpg\",\"datePublished\":\"2023-01-11T20:45:37+00:00\",\"dateModified\":\"2023-08-30T20:23:28+00:00\",\"breadcrumb\":{\"@id\":\"https:\\\/\\\/radis.ee\\\/fr\\\/elevandi-majaga-mehe-kusitlemine-ei-ole-tavaline-aastalopu-lugu\\\/#breadcrumb\"},\"inLanguage\":\"fr-FR\",\"potentialAction\":[{\"@type\":\"ReadAction\",\"target\":[\"https:\\\/\\\/radis.ee\\\/fr\\\/elevandi-majaga-mehe-kusitlemine-ei-ole-tavaline-aastalopu-lugu\\\/\"]}]},{\"@type\":\"ImageObject\",\"inLanguage\":\"fr-FR\",\"@id\":\"https:\\\/\\\/radis.ee\\\/fr\\\/elevandi-majaga-mehe-kusitlemine-ei-ole-tavaline-aastalopu-lugu\\\/#primaryimage\",\"url\":\"https:\\\/\\\/radis.ee\\\/wp-content\\\/uploads\\\/2023\\\/08\\\/Radis_Furniture_Vilen_Kunnapu_KYT5566.jpg\",\"contentUrl\":\"https:\\\/\\\/radis.ee\\\/wp-content\\\/uploads\\\/2023\\\/08\\\/Radis_Furniture_Vilen_Kunnapu_KYT5566.jpg\",\"width\":654,\"height\":474},{\"@type\":\"BreadcrumbList\",\"@id\":\"https:\\\/\\\/radis.ee\\\/fr\\\/elevandi-majaga-mehe-kusitlemine-ei-ole-tavaline-aastalopu-lugu\\\/#breadcrumb\",\"itemListElement\":[{\"@type\":\"ListItem\",\"position\":1,\"name\":\"Home\",\"item\":\"https:\\\/\\\/radis.ee\\\/\"},{\"@type\":\"ListItem\",\"position\":2,\"name\":\"Interviewer un homme avec une maison d&#8217;\u00e9l\u00e9phant n&#8217;est pas une histoire de fin d&#8217;ann\u00e9e ordinaire\"}]},{\"@type\":\"WebSite\",\"@id\":\"https:\\\/\\\/radis.ee\\\/#website\",\"url\":\"https:\\\/\\\/radis.ee\\\/\",\"name\":\"Radis\",\"description\":\"Nordic design furniture, environmentally friendly and sustainable.\",\"publisher\":{\"@id\":\"https:\\\/\\\/radis.ee\\\/#organization\"},\"potentialAction\":[{\"@type\":\"SearchAction\",\"target\":{\"@type\":\"EntryPoint\",\"urlTemplate\":\"https:\\\/\\\/radis.ee\\\/?s={search_term_string}\"},\"query-input\":{\"@type\":\"PropertyValueSpecification\",\"valueRequired\":true,\"valueName\":\"search_term_string\"}}],\"inLanguage\":\"fr-FR\"},{\"@type\":\"Organization\",\"@id\":\"https:\\\/\\\/radis.ee\\\/#organization\",\"name\":\"Radis O\u00dc\",\"url\":\"https:\\\/\\\/radis.ee\\\/\",\"logo\":{\"@type\":\"ImageObject\",\"inLanguage\":\"fr-FR\",\"@id\":\"https:\\\/\\\/radis.ee\\\/#\\\/schema\\\/logo\\\/image\\\/\",\"url\":\"https:\\\/\\\/radis.ee\\\/wp-content\\\/uploads\\\/2020\\\/10\\\/Radis-logo.png\",\"contentUrl\":\"https:\\\/\\\/radis.ee\\\/wp-content\\\/uploads\\\/2020\\\/10\\\/Radis-logo.png\",\"width\":300,\"height\":63,\"caption\":\"Radis O\u00dc\"},\"image\":{\"@id\":\"https:\\\/\\\/radis.ee\\\/#\\\/schema\\\/logo\\\/image\\\/\"},\"sameAs\":[\"https:\\\/\\\/www.facebook.com\\\/radisfurniture\\\/\"]},{\"@type\":\"Person\",\"@id\":\"https:\\\/\\\/radis.ee\\\/#\\\/schema\\\/person\\\/82b3717747b95054e374cb142668774b\",\"name\":\"Mauri Abner\",\"url\":\"https:\\\/\\\/radis.ee\\\/fr\\\/author\\\/mauri\\\/\"}]}<\/script>\n<!-- \/ Yoast SEO plugin. -->","yoast_head_json":{"title":"Interviewer un homme avec une maison d'\u00e9l\u00e9phant n'est pas une histoire de fin d'ann\u00e9e ordinaire - Radis","robots":{"index":"index","follow":"follow","max-snippet":"max-snippet:-1","max-image-preview":"max-image-preview:large","max-video-preview":"max-video-preview:-1"},"canonical":"https:\/\/radis.ee\/fr\/elevandi-majaga-mehe-kusitlemine-ei-ole-tavaline-aastalopu-lugu\/","og_locale":"fr_FR","og_type":"article","og_title":"Interviewer un homme avec une maison d'\u00e9l\u00e9phant n'est pas une histoire de fin d'ann\u00e9e ordinaire - Radis","og_description":"Si vous ne savez pas si vous aimez l&rsquo;arc ou la coupole, vous avez peut-\u00eatre rat\u00e9 un moment important. Il vient d&rsquo;ouvrir sa deuxi\u00e8me exposition \u00e0 Tallinn cette ann\u00e9e &#8211; d\u00e9sormais plus connu en tant que peintre et surtout encore plus connu en tant qu&rsquo;architecte. Vilen K\u00fcnnapu (n\u00e9 en 1948) a eu un impact \u00e0...","og_url":"https:\/\/radis.ee\/fr\/elevandi-majaga-mehe-kusitlemine-ei-ole-tavaline-aastalopu-lugu\/","og_site_name":"Radis","article_publisher":"https:\/\/www.facebook.com\/radisfurniture\/","article_published_time":"2023-01-11T20:45:37+00:00","article_modified_time":"2023-08-30T20:23:28+00:00","og_image":[{"width":654,"height":474,"url":"https:\/\/radis.ee\/wp-content\/uploads\/2023\/08\/Radis_Furniture_Vilen_Kunnapu_KYT5566.jpg","type":"image\/jpeg"}],"author":"Mauri Abner","twitter_card":"summary_large_image","twitter_misc":{"\u00c9crit par":"Mauri Abner","Dur\u00e9e de lecture estim\u00e9e":"4 minutes"},"schema":{"@context":"https:\/\/schema.org","@graph":[{"@type":"Article","@id":"https:\/\/radis.ee\/fr\/elevandi-majaga-mehe-kusitlemine-ei-ole-tavaline-aastalopu-lugu\/#article","isPartOf":{"@id":"https:\/\/radis.ee\/fr\/elevandi-majaga-mehe-kusitlemine-ei-ole-tavaline-aastalopu-lugu\/"},"author":{"name":"Mauri Abner","@id":"https:\/\/radis.ee\/#\/schema\/person\/82b3717747b95054e374cb142668774b"},"headline":"Interviewer un homme avec une maison d&rsquo;\u00e9l\u00e9phant n&rsquo;est pas une histoire de fin d&rsquo;ann\u00e9e ordinaire","datePublished":"2023-01-11T20:45:37+00:00","dateModified":"2023-08-30T20:23:28+00:00","mainEntityOfPage":{"@id":"https:\/\/radis.ee\/fr\/elevandi-majaga-mehe-kusitlemine-ei-ole-tavaline-aastalopu-lugu\/"},"wordCount":1128,"commentCount":0,"publisher":{"@id":"https:\/\/radis.ee\/#organization"},"image":{"@id":"https:\/\/radis.ee\/fr\/elevandi-majaga-mehe-kusitlemine-ei-ole-tavaline-aastalopu-lugu\/#primaryimage"},"thumbnailUrl":"https:\/\/radis.ee\/wp-content\/uploads\/2023\/08\/Radis_Furniture_Vilen_Kunnapu_KYT5566.jpg","articleSection":["Blog"],"inLanguage":"fr-FR","potentialAction":[{"@type":"CommentAction","name":"Comment","target":["https:\/\/radis.ee\/fr\/elevandi-majaga-mehe-kusitlemine-ei-ole-tavaline-aastalopu-lugu\/#respond"]}]},{"@type":"WebPage","@id":"https:\/\/radis.ee\/fr\/elevandi-majaga-mehe-kusitlemine-ei-ole-tavaline-aastalopu-lugu\/","url":"https:\/\/radis.ee\/fr\/elevandi-majaga-mehe-kusitlemine-ei-ole-tavaline-aastalopu-lugu\/","name":"Interviewer un homme avec une maison d'\u00e9l\u00e9phant n'est pas une histoire de fin d'ann\u00e9e ordinaire - Radis","isPartOf":{"@id":"https:\/\/radis.ee\/#website"},"primaryImageOfPage":{"@id":"https:\/\/radis.ee\/fr\/elevandi-majaga-mehe-kusitlemine-ei-ole-tavaline-aastalopu-lugu\/#primaryimage"},"image":{"@id":"https:\/\/radis.ee\/fr\/elevandi-majaga-mehe-kusitlemine-ei-ole-tavaline-aastalopu-lugu\/#primaryimage"},"thumbnailUrl":"https:\/\/radis.ee\/wp-content\/uploads\/2023\/08\/Radis_Furniture_Vilen_Kunnapu_KYT5566.jpg","datePublished":"2023-01-11T20:45:37+00:00","dateModified":"2023-08-30T20:23:28+00:00","breadcrumb":{"@id":"https:\/\/radis.ee\/fr\/elevandi-majaga-mehe-kusitlemine-ei-ole-tavaline-aastalopu-lugu\/#breadcrumb"},"inLanguage":"fr-FR","potentialAction":[{"@type":"ReadAction","target":["https:\/\/radis.ee\/fr\/elevandi-majaga-mehe-kusitlemine-ei-ole-tavaline-aastalopu-lugu\/"]}]},{"@type":"ImageObject","inLanguage":"fr-FR","@id":"https:\/\/radis.ee\/fr\/elevandi-majaga-mehe-kusitlemine-ei-ole-tavaline-aastalopu-lugu\/#primaryimage","url":"https:\/\/radis.ee\/wp-content\/uploads\/2023\/08\/Radis_Furniture_Vilen_Kunnapu_KYT5566.jpg","contentUrl":"https:\/\/radis.ee\/wp-content\/uploads\/2023\/08\/Radis_Furniture_Vilen_Kunnapu_KYT5566.jpg","width":654,"height":474},{"@type":"BreadcrumbList","@id":"https:\/\/radis.ee\/fr\/elevandi-majaga-mehe-kusitlemine-ei-ole-tavaline-aastalopu-lugu\/#breadcrumb","itemListElement":[{"@type":"ListItem","position":1,"name":"Home","item":"https:\/\/radis.ee\/"},{"@type":"ListItem","position":2,"name":"Interviewer un homme avec une maison d&#8217;\u00e9l\u00e9phant n&#8217;est pas une histoire de fin d&#8217;ann\u00e9e ordinaire"}]},{"@type":"WebSite","@id":"https:\/\/radis.ee\/#website","url":"https:\/\/radis.ee\/","name":"Radis","description":"Nordic design furniture, environmentally friendly and sustainable.","publisher":{"@id":"https:\/\/radis.ee\/#organization"},"potentialAction":[{"@type":"SearchAction","target":{"@type":"EntryPoint","urlTemplate":"https:\/\/radis.ee\/?s={search_term_string}"},"query-input":{"@type":"PropertyValueSpecification","valueRequired":true,"valueName":"search_term_string"}}],"inLanguage":"fr-FR"},{"@type":"Organization","@id":"https:\/\/radis.ee\/#organization","name":"Radis O\u00dc","url":"https:\/\/radis.ee\/","logo":{"@type":"ImageObject","inLanguage":"fr-FR","@id":"https:\/\/radis.ee\/#\/schema\/logo\/image\/","url":"https:\/\/radis.ee\/wp-content\/uploads\/2020\/10\/Radis-logo.png","contentUrl":"https:\/\/radis.ee\/wp-content\/uploads\/2020\/10\/Radis-logo.png","width":300,"height":63,"caption":"Radis O\u00dc"},"image":{"@id":"https:\/\/radis.ee\/#\/schema\/logo\/image\/"},"sameAs":["https:\/\/www.facebook.com\/radisfurniture\/"]},{"@type":"Person","@id":"https:\/\/radis.ee\/#\/schema\/person\/82b3717747b95054e374cb142668774b","name":"Mauri Abner","url":"https:\/\/radis.ee\/fr\/author\/mauri\/"}]}},"_links":{"self":[{"href":"https:\/\/radis.ee\/fr\/wp-json\/wp\/v2\/posts\/23163","targetHints":{"allow":["GET"]}}],"collection":[{"href":"https:\/\/radis.ee\/fr\/wp-json\/wp\/v2\/posts"}],"about":[{"href":"https:\/\/radis.ee\/fr\/wp-json\/wp\/v2\/types\/post"}],"author":[{"embeddable":true,"href":"https:\/\/radis.ee\/fr\/wp-json\/wp\/v2\/users\/2"}],"replies":[{"embeddable":true,"href":"https:\/\/radis.ee\/fr\/wp-json\/wp\/v2\/comments?post=23163"}],"version-history":[{"count":0,"href":"https:\/\/radis.ee\/fr\/wp-json\/wp\/v2\/posts\/23163\/revisions"}],"wp:featuredmedia":[{"embeddable":true,"href":"https:\/\/radis.ee\/fr\/wp-json\/wp\/v2\/media\/23142"}],"wp:attachment":[{"href":"https:\/\/radis.ee\/fr\/wp-json\/wp\/v2\/media?parent=23163"}],"wp:term":[{"taxonomy":"category","embeddable":true,"href":"https:\/\/radis.ee\/fr\/wp-json\/wp\/v2\/categories?post=23163"},{"taxonomy":"post_tag","embeddable":true,"href":"https:\/\/radis.ee\/fr\/wp-json\/wp\/v2\/tags?post=23163"}],"curies":[{"name":"wp","href":"https:\/\/api.w.org\/{rel}","templated":true}]}}