{"id":32377,"date":"2026-08-27T22:38:04","date_gmt":"2026-08-27T19:38:04","guid":{"rendered":"https:\/\/radis.ee\/radis-suundub-helsingi-sisustusmessile-habitare-2026\/"},"modified":"2026-08-27T22:52:40","modified_gmt":"2026-08-27T19:52:40","slug":"radis-suundub-helsingi-sisustusmessile-habitare-2026","status":"publish","type":"post","link":"https:\/\/radis.ee\/fr\/radis-suundub-helsingi-sisustusmessile-habitare-2026\/","title":{"rendered":"Radis sera pr\u00e9sent au salon du design d&rsquo;int\u00e9rieur Habitare 2026 \u00e0 Helsinki !"},"content":{"rendered":"<p>En septembre, rendez-vous en Finlande pour participer \u00e0 Habitare 2026, l&rsquo;un des salons de design d&rsquo;int\u00e9rieur et d&rsquo;ameublement les plus attendus des pays nordiques. Nous avons h\u00e2te de rencontrer les passionn\u00e9s de design, les architectes d&rsquo;int\u00e9rieur et les d\u00e9corateurs et de leur pr\u00e9senter nos derni\u00e8res collections et solutions de mat\u00e9riaux.<\/p>\n<p>Retrouvez-nous dans l&rsquo;espace d\u00e9di\u00e9 au design estonien BLOCK, sur le stand Radis n\u00b0 6V36.<\/p>\n<p>Produits et solutions pr\u00e9sent\u00e9s sur le stand :<\/p>\n<p><strong>Commode FLOATY avec meuble TV :<\/strong> un mod\u00e8le innovant de Radis, nomin\u00e9 pour le prestigieux prix allemand de l&rsquo;\u00e9codesign. FLOATY s\u00e9duit par ses courbes douces et organiques et sa conception respectueuse de l&rsquo;environnement.<\/p>\n<p><strong>S\u00e9rie de commodes NOBLE :<\/strong> une collection de meubles \u00e0 l&rsquo;esth\u00e9tique intemporelle et \u00e0 la fonctionnalit\u00e9 pratique, qui apporte clart\u00e9 et chaleur \u00e0 chaque pi\u00e8ce.<\/p>\n<p><strong>\u00c9tag\u00e8res modulaires CRANE pour le bureau \u00e0 domicile :<\/strong> un syst\u00e8me d&rsquo;\u00e9tag\u00e8res intelligent et adaptable pour cr\u00e9er un espace de travail moderne.<\/p>\n<p><strong>S\u00e9lection compl\u00e8te des mat\u00e9riaux\u00a0:<\/strong> Vous pouvez d\u00e9couvrir sur place tous les mat\u00e9riaux Radis et leurs \u00e9chantillons de finitions afin de choisir la texture et la teinte id\u00e9ales pour votre projet ou votre int\u00e9rieur.<\/p>\n<p><strong>\u00c9v\u00e9nement sp\u00e9cial\u00a0: Visite guid\u00e9e du design estonien<\/strong><\/p>\n<p>Le mercredi 2 septembre, de 11h00 \u00e0 11h30, participez \u00e0 une visite guid\u00e9e ludique pour mieux conna\u00eetre les designers et les produits estoniens\u00a0:<\/p>\n<p>Rejoignez-nous pour une visite guid\u00e9e de l\u2019exposition Habitare, d\u00e9di\u00e9e au design estonien\u00a0!<\/p>\n<p>Rencontrez les designers \u00e0 l\u2019origine des collections, \u00e9coutez l\u2019histoire de leur travail et d\u00e9couvrez le design estonien contemporain\u00a0: du mobilier et des luminaires intemporels aux accessoires de d\u00e9coration innovants, en passant par de magnifiques c\u00e9ramiques.<\/p>\n<p>Retrouvez-nous sur les stands BLOCK 6V34, 6V36, 6V38 et 6V40\u00a0!<\/p>\n<p>Nous serons ravis de vous accueillir pour apprendre, \u00e9changer et trouver l\u2019inspiration. \u00c0 bient\u00f4t \u00e0 Helsinki\u00a0!<\/p>\n<p data-path-to-node=\"8\"><img loading=\"lazy\" decoding=\"async\" class=\"alignnone wp-image-32367\" src=\"https:\/\/radis.ee\/wp-content\/uploads\/2026\/08\/Habitare26_1200x600_en-1-300x157.jpg\" alt=\"\" width=\"550\" height=\"288\" srcset=\"https:\/\/radis.ee\/wp-content\/uploads\/2026\/08\/Habitare26_1200x600_en-1-300x157.jpg 300w, https:\/\/radis.ee\/wp-content\/uploads\/2026\/08\/Habitare26_1200x600_en-1-1024x536.jpg 1024w, https:\/\/radis.ee\/wp-content\/uploads\/2026\/08\/Habitare26_1200x600_en-1-600x314.jpg 600w, https:\/\/radis.ee\/wp-content\/uploads\/2026\/08\/Habitare26_1200x600_en-1-60x31.jpg 60w, https:\/\/radis.ee\/wp-content\/uploads\/2026\/08\/Habitare26_1200x600_en-1.jpg 1200w\" sizes=\"auto, (max-width: 550px) 100vw, 550px\" \/> <img loading=\"lazy\" decoding=\"async\" class=\"alignnone wp-image-24858\" src=\"https:\/\/radis.ee\/wp-content\/uploads\/2023\/06\/RADIS_shelf_CRANE_-L_-5_boxes_Oak_veneered_v2-300x200.jpg\" alt=\"Radis shelf CRANE L with 5 boxes oak veneered\" width=\"432\" height=\"288\" srcset=\"https:\/\/radis.ee\/wp-content\/uploads\/2023\/06\/RADIS_shelf_CRANE_-L_-5_boxes_Oak_veneered_v2-300x200.jpg 300w, https:\/\/radis.ee\/wp-content\/uploads\/2023\/06\/RADIS_shelf_CRANE_-L_-5_boxes_Oak_veneered_v2-1024x683.jpg 1024w, https:\/\/radis.ee\/wp-content\/uploads\/2023\/06\/RADIS_shelf_CRANE_-L_-5_boxes_Oak_veneered_v2-600x400.jpg 600w, https:\/\/radis.ee\/wp-content\/uploads\/2023\/06\/RADIS_shelf_CRANE_-L_-5_boxes_Oak_veneered_v2-60x40.jpg 60w, https:\/\/radis.ee\/wp-content\/uploads\/2023\/06\/RADIS_shelf_CRANE_-L_-5_boxes_Oak_veneered_v2-135x90.jpg 135w, https:\/\/radis.ee\/wp-content\/uploads\/2023\/06\/RADIS_shelf_CRANE_-L_-5_boxes_Oak_veneered_v2.jpg 1350w\" sizes=\"auto, (max-width: 432px) 100vw, 432px\" \/> <img loading=\"lazy\" decoding=\"async\" class=\"alignnone wp-image-30043\" src=\"https:\/\/radis.ee\/wp-content\/uploads\/2022\/10\/Radis_sideboard_with_glassdoors_NOBLE_180cm_Oak_veneerd_plywood_interior_2-258x300.webp\" alt=\"Radis sideboard with glass doors NOBLE Oak veneered plywood\" width=\"248\" height=\"288\" srcset=\"https:\/\/radis.ee\/wp-content\/uploads\/2022\/10\/Radis_sideboard_with_glassdoors_NOBLE_180cm_Oak_veneerd_plywood_interior_2-258x300.webp 258w, https:\/\/radis.ee\/wp-content\/uploads\/2022\/10\/Radis_sideboard_with_glassdoors_NOBLE_180cm_Oak_veneerd_plywood_interior_2-600x698.webp 600w, https:\/\/radis.ee\/wp-content\/uploads\/2022\/10\/Radis_sideboard_with_glassdoors_NOBLE_180cm_Oak_veneerd_plywood_interior_2-52x60.webp 52w, https:\/\/radis.ee\/wp-content\/uploads\/2022\/10\/Radis_sideboard_with_glassdoors_NOBLE_180cm_Oak_veneerd_plywood_interior_2.webp 689w\" sizes=\"auto, (max-width: 248px) 100vw, 248px\" \/><\/p>\n","protected":false},"excerpt":{"rendered":"<p>En septembre, rendez-vous en Finlande pour participer \u00e0 Habitare 2026, l&rsquo;un des salons de design d&rsquo;int\u00e9rieur et d&rsquo;ameublement les plus attendus des pays nordiques. Nous avons h\u00e2te de rencontrer les passionn\u00e9s de design, les architectes d&rsquo;int\u00e9rieur et les d\u00e9corateurs et de leur pr\u00e9senter nos derni\u00e8res collections et solutions de mat\u00e9riaux. Retrouvez-nous dans l&rsquo;espace d\u00e9di\u00e9 au&#8230;<\/p>\n","protected":false},"author":2,"featured_media":32378,"comment_status":"open","ping_status":"open","sticky":false,"template":"","format":"standard","meta":{"_acf_changed":false,"footnotes":""},"categories":[552],"tags":[],"class_list":["post-32377","post","type-post","status-publish","format-standard","has-post-thumbnail","hentry","category-blogi"],"acf":[],"yoast_head":"<!-- This site is optimized with the Yoast SEO plugin v28.4 - https:\/\/yoast.com\/product\/yoast-seo-wordpress\/ -->\n<title>Radis sera pr\u00e9sent au salon du design d&#039;int\u00e9rieur Habitare 2026 \u00e0 Helsinki ! - Radis<\/title>\n<meta name=\"robots\" content=\"index, follow, max-snippet:-1, max-image-preview:large, max-video-preview:-1\" \/>\n<link rel=\"canonical\" href=\"https:\/\/radis.ee\/fr\/radis-suundub-helsingi-sisustusmessile-habitare-2026\/\" \/>\n<meta property=\"og:locale\" content=\"fr_FR\" \/>\n<meta property=\"og:type\" content=\"article\" \/>\n<meta property=\"og:title\" content=\"Radis sera pr\u00e9sent au salon du design d&#039;int\u00e9rieur Habitare 2026 \u00e0 Helsinki ! - Radis\" \/>\n<meta property=\"og:description\" content=\"En septembre, rendez-vous en Finlande pour participer \u00e0 Habitare 2026, l&rsquo;un des salons de design d&rsquo;int\u00e9rieur et d&rsquo;ameublement les plus attendus des pays nordiques. Nous avons h\u00e2te de rencontrer les passionn\u00e9s de design, les architectes d&rsquo;int\u00e9rieur et les d\u00e9corateurs et de leur pr\u00e9senter nos derni\u00e8res collections et solutions de mat\u00e9riaux. Retrouvez-nous dans l&rsquo;espace d\u00e9di\u00e9 au...\" \/>\n<meta property=\"og:url\" content=\"https:\/\/radis.ee\/fr\/radis-suundub-helsingi-sisustusmessile-habitare-2026\/\" \/>\n<meta property=\"og:site_name\" content=\"Radis\" \/>\n<meta property=\"article:publisher\" content=\"https:\/\/www.facebook.com\/radisfurniture\/\" \/>\n<meta property=\"article:published_time\" content=\"2026-08-27T19:38:04+00:00\" \/>\n<meta property=\"article:modified_time\" content=\"2026-08-27T19:52:40+00:00\" \/>\n<meta property=\"og:image\" content=\"https:\/\/radis.ee\/wp-content\/uploads\/2026\/08\/Habitare26_1200x600_en.jpg\" \/>\n\t<meta property=\"og:image:width\" content=\"1200\" \/>\n\t<meta property=\"og:image:height\" content=\"628\" \/>\n\t<meta property=\"og:image:type\" content=\"image\/jpeg\" \/>\n<meta name=\"author\" content=\"Mauri Abner\" \/>\n<meta name=\"twitter:card\" content=\"summary_large_image\" \/>\n<meta name=\"twitter:label1\" content=\"\u00c9crit par\" \/>\n\t<meta name=\"twitter:data1\" content=\"Mauri Abner\" \/>\n\t<meta name=\"twitter:label2\" content=\"Dur\u00e9e de lecture estim\u00e9e\" \/>\n\t<meta name=\"twitter:data2\" content=\"2 minutes\" \/>\n<script type=\"application\/ld+json\" class=\"yoast-schema-graph\">{\"@context\":\"https:\\\/\\\/schema.org\",\"@graph\":[{\"@type\":\"Article\",\"@id\":\"https:\\\/\\\/radis.ee\\\/fr\\\/radis-suundub-helsingi-sisustusmessile-habitare-2026\\\/#article\",\"isPartOf\":{\"@id\":\"https:\\\/\\\/radis.ee\\\/fr\\\/radis-suundub-helsingi-sisustusmessile-habitare-2026\\\/\"},\"author\":{\"name\":\"Mauri Abner\",\"@id\":\"https:\\\/\\\/radis.ee\\\/#\\\/schema\\\/person\\\/82b3717747b95054e374cb142668774b\"},\"headline\":\"Radis sera pr\u00e9sent au salon du design d&rsquo;int\u00e9rieur Habitare 2026 \u00e0 Helsinki !\",\"datePublished\":\"2026-08-27T19:38:04+00:00\",\"dateModified\":\"2026-08-27T19:52:40+00:00\",\"mainEntityOfPage\":{\"@id\":\"https:\\\/\\\/radis.ee\\\/fr\\\/radis-suundub-helsingi-sisustusmessile-habitare-2026\\\/\"},\"wordCount\":337,\"commentCount\":0,\"publisher\":{\"@id\":\"https:\\\/\\\/radis.ee\\\/#organization\"},\"image\":{\"@id\":\"https:\\\/\\\/radis.ee\\\/fr\\\/radis-suundub-helsingi-sisustusmessile-habitare-2026\\\/#primaryimage\"},\"thumbnailUrl\":\"https:\\\/\\\/radis.ee\\\/wp-content\\\/uploads\\\/2026\\\/08\\\/Habitare26_1200x600_en.jpg\",\"articleSection\":[\"Blogi\"],\"inLanguage\":\"fr-FR\",\"potentialAction\":[{\"@type\":\"CommentAction\",\"name\":\"Comment\",\"target\":[\"https:\\\/\\\/radis.ee\\\/fr\\\/radis-suundub-helsingi-sisustusmessile-habitare-2026\\\/#respond\"]}]},{\"@type\":\"WebPage\",\"@id\":\"https:\\\/\\\/radis.ee\\\/fr\\\/radis-suundub-helsingi-sisustusmessile-habitare-2026\\\/\",\"url\":\"https:\\\/\\\/radis.ee\\\/fr\\\/radis-suundub-helsingi-sisustusmessile-habitare-2026\\\/\",\"name\":\"Radis sera pr\u00e9sent au salon du design d'int\u00e9rieur Habitare 2026 \u00e0 Helsinki ! - Radis\",\"isPartOf\":{\"@id\":\"https:\\\/\\\/radis.ee\\\/#website\"},\"primaryImageOfPage\":{\"@id\":\"https:\\\/\\\/radis.ee\\\/fr\\\/radis-suundub-helsingi-sisustusmessile-habitare-2026\\\/#primaryimage\"},\"image\":{\"@id\":\"https:\\\/\\\/radis.ee\\\/fr\\\/radis-suundub-helsingi-sisustusmessile-habitare-2026\\\/#primaryimage\"},\"thumbnailUrl\":\"https:\\\/\\\/radis.ee\\\/wp-content\\\/uploads\\\/2026\\\/08\\\/Habitare26_1200x600_en.jpg\",\"datePublished\":\"2026-08-27T19:38:04+00:00\",\"dateModified\":\"2026-08-27T19:52:40+00:00\",\"breadcrumb\":{\"@id\":\"https:\\\/\\\/radis.ee\\\/fr\\\/radis-suundub-helsingi-sisustusmessile-habitare-2026\\\/#breadcrumb\"},\"inLanguage\":\"fr-FR\",\"potentialAction\":[{\"@type\":\"ReadAction\",\"target\":[\"https:\\\/\\\/radis.ee\\\/fr\\\/radis-suundub-helsingi-sisustusmessile-habitare-2026\\\/\"]}]},{\"@type\":\"ImageObject\",\"inLanguage\":\"fr-FR\",\"@id\":\"https:\\\/\\\/radis.ee\\\/fr\\\/radis-suundub-helsingi-sisustusmessile-habitare-2026\\\/#primaryimage\",\"url\":\"https:\\\/\\\/radis.ee\\\/wp-content\\\/uploads\\\/2026\\\/08\\\/Habitare26_1200x600_en.jpg\",\"contentUrl\":\"https:\\\/\\\/radis.ee\\\/wp-content\\\/uploads\\\/2026\\\/08\\\/Habitare26_1200x600_en.jpg\",\"width\":1200,\"height\":628},{\"@type\":\"BreadcrumbList\",\"@id\":\"https:\\\/\\\/radis.ee\\\/fr\\\/radis-suundub-helsingi-sisustusmessile-habitare-2026\\\/#breadcrumb\",\"itemListElement\":[{\"@type\":\"ListItem\",\"position\":1,\"name\":\"Home\",\"item\":\"https:\\\/\\\/radis.ee\\\/\"},{\"@type\":\"ListItem\",\"position\":2,\"name\":\"Radis sera pr\u00e9sent au salon du design d&#8217;int\u00e9rieur Habitare 2026 \u00e0 Helsinki !\"}]},{\"@type\":\"WebSite\",\"@id\":\"https:\\\/\\\/radis.ee\\\/#website\",\"url\":\"https:\\\/\\\/radis.ee\\\/\",\"name\":\"Radis\",\"description\":\"Nordic design furniture, environmentally friendly and sustainable.\",\"publisher\":{\"@id\":\"https:\\\/\\\/radis.ee\\\/#organization\"},\"potentialAction\":[{\"@type\":\"SearchAction\",\"target\":{\"@type\":\"EntryPoint\",\"urlTemplate\":\"https:\\\/\\\/radis.ee\\\/?s={search_term_string}\"},\"query-input\":{\"@type\":\"PropertyValueSpecification\",\"valueRequired\":true,\"valueName\":\"search_term_string\"}}],\"inLanguage\":\"fr-FR\"},{\"@type\":\"Organization\",\"@id\":\"https:\\\/\\\/radis.ee\\\/#organization\",\"name\":\"Radis O\u00dc\",\"url\":\"https:\\\/\\\/radis.ee\\\/\",\"logo\":{\"@type\":\"ImageObject\",\"inLanguage\":\"fr-FR\",\"@id\":\"https:\\\/\\\/radis.ee\\\/#\\\/schema\\\/logo\\\/image\\\/\",\"url\":\"https:\\\/\\\/radis.ee\\\/wp-content\\\/uploads\\\/2020\\\/10\\\/Radis-logo.png\",\"contentUrl\":\"https:\\\/\\\/radis.ee\\\/wp-content\\\/uploads\\\/2020\\\/10\\\/Radis-logo.png\",\"width\":300,\"height\":63,\"caption\":\"Radis O\u00dc\"},\"image\":{\"@id\":\"https:\\\/\\\/radis.ee\\\/#\\\/schema\\\/logo\\\/image\\\/\"},\"sameAs\":[\"https:\\\/\\\/www.facebook.com\\\/radisfurniture\\\/\"]},{\"@type\":\"Person\",\"@id\":\"https:\\\/\\\/radis.ee\\\/#\\\/schema\\\/person\\\/82b3717747b95054e374cb142668774b\",\"name\":\"Mauri Abner\",\"url\":\"https:\\\/\\\/radis.ee\\\/fr\\\/author\\\/mauri\\\/\"}]}<\/script>\n<!-- \/ Yoast SEO plugin. -->","yoast_head_json":{"title":"Radis sera pr\u00e9sent au salon du design d'int\u00e9rieur Habitare 2026 \u00e0 Helsinki ! - Radis","robots":{"index":"index","follow":"follow","max-snippet":"max-snippet:-1","max-image-preview":"max-image-preview:large","max-video-preview":"max-video-preview:-1"},"canonical":"https:\/\/radis.ee\/fr\/radis-suundub-helsingi-sisustusmessile-habitare-2026\/","og_locale":"fr_FR","og_type":"article","og_title":"Radis sera pr\u00e9sent au salon du design d'int\u00e9rieur Habitare 2026 \u00e0 Helsinki ! - Radis","og_description":"En septembre, rendez-vous en Finlande pour participer \u00e0 Habitare 2026, l&rsquo;un des salons de design d&rsquo;int\u00e9rieur et d&rsquo;ameublement les plus attendus des pays nordiques. Nous avons h\u00e2te de rencontrer les passionn\u00e9s de design, les architectes d&rsquo;int\u00e9rieur et les d\u00e9corateurs et de leur pr\u00e9senter nos derni\u00e8res collections et solutions de mat\u00e9riaux. Retrouvez-nous dans l&rsquo;espace d\u00e9di\u00e9 au...","og_url":"https:\/\/radis.ee\/fr\/radis-suundub-helsingi-sisustusmessile-habitare-2026\/","og_site_name":"Radis","article_publisher":"https:\/\/www.facebook.com\/radisfurniture\/","article_published_time":"2026-08-27T19:38:04+00:00","article_modified_time":"2026-08-27T19:52:40+00:00","og_image":[{"width":1200,"height":628,"url":"https:\/\/radis.ee\/wp-content\/uploads\/2026\/08\/Habitare26_1200x600_en.jpg","type":"image\/jpeg"}],"author":"Mauri Abner","twitter_card":"summary_large_image","twitter_misc":{"\u00c9crit par":"Mauri Abner","Dur\u00e9e de lecture estim\u00e9e":"2 minutes"},"schema":{"@context":"https:\/\/schema.org","@graph":[{"@type":"Article","@id":"https:\/\/radis.ee\/fr\/radis-suundub-helsingi-sisustusmessile-habitare-2026\/#article","isPartOf":{"@id":"https:\/\/radis.ee\/fr\/radis-suundub-helsingi-sisustusmessile-habitare-2026\/"},"author":{"name":"Mauri Abner","@id":"https:\/\/radis.ee\/#\/schema\/person\/82b3717747b95054e374cb142668774b"},"headline":"Radis sera pr\u00e9sent au salon du design d&rsquo;int\u00e9rieur Habitare 2026 \u00e0 Helsinki !","datePublished":"2026-08-27T19:38:04+00:00","dateModified":"2026-08-27T19:52:40+00:00","mainEntityOfPage":{"@id":"https:\/\/radis.ee\/fr\/radis-suundub-helsingi-sisustusmessile-habitare-2026\/"},"wordCount":337,"commentCount":0,"publisher":{"@id":"https:\/\/radis.ee\/#organization"},"image":{"@id":"https:\/\/radis.ee\/fr\/radis-suundub-helsingi-sisustusmessile-habitare-2026\/#primaryimage"},"thumbnailUrl":"https:\/\/radis.ee\/wp-content\/uploads\/2026\/08\/Habitare26_1200x600_en.jpg","articleSection":["Blogi"],"inLanguage":"fr-FR","potentialAction":[{"@type":"CommentAction","name":"Comment","target":["https:\/\/radis.ee\/fr\/radis-suundub-helsingi-sisustusmessile-habitare-2026\/#respond"]}]},{"@type":"WebPage","@id":"https:\/\/radis.ee\/fr\/radis-suundub-helsingi-sisustusmessile-habitare-2026\/","url":"https:\/\/radis.ee\/fr\/radis-suundub-helsingi-sisustusmessile-habitare-2026\/","name":"Radis sera pr\u00e9sent au salon du design d'int\u00e9rieur Habitare 2026 \u00e0 Helsinki ! - Radis","isPartOf":{"@id":"https:\/\/radis.ee\/#website"},"primaryImageOfPage":{"@id":"https:\/\/radis.ee\/fr\/radis-suundub-helsingi-sisustusmessile-habitare-2026\/#primaryimage"},"image":{"@id":"https:\/\/radis.ee\/fr\/radis-suundub-helsingi-sisustusmessile-habitare-2026\/#primaryimage"},"thumbnailUrl":"https:\/\/radis.ee\/wp-content\/uploads\/2026\/08\/Habitare26_1200x600_en.jpg","datePublished":"2026-08-27T19:38:04+00:00","dateModified":"2026-08-27T19:52:40+00:00","breadcrumb":{"@id":"https:\/\/radis.ee\/fr\/radis-suundub-helsingi-sisustusmessile-habitare-2026\/#breadcrumb"},"inLanguage":"fr-FR","potentialAction":[{"@type":"ReadAction","target":["https:\/\/radis.ee\/fr\/radis-suundub-helsingi-sisustusmessile-habitare-2026\/"]}]},{"@type":"ImageObject","inLanguage":"fr-FR","@id":"https:\/\/radis.ee\/fr\/radis-suundub-helsingi-sisustusmessile-habitare-2026\/#primaryimage","url":"https:\/\/radis.ee\/wp-content\/uploads\/2026\/08\/Habitare26_1200x600_en.jpg","contentUrl":"https:\/\/radis.ee\/wp-content\/uploads\/2026\/08\/Habitare26_1200x600_en.jpg","width":1200,"height":628},{"@type":"BreadcrumbList","@id":"https:\/\/radis.ee\/fr\/radis-suundub-helsingi-sisustusmessile-habitare-2026\/#breadcrumb","itemListElement":[{"@type":"ListItem","position":1,"name":"Home","item":"https:\/\/radis.ee\/"},{"@type":"ListItem","position":2,"name":"Radis sera pr\u00e9sent au salon du design d&#8217;int\u00e9rieur Habitare 2026 \u00e0 Helsinki !"}]},{"@type":"WebSite","@id":"https:\/\/radis.ee\/#website","url":"https:\/\/radis.ee\/","name":"Radis","description":"Nordic design furniture, environmentally friendly and sustainable.","publisher":{"@id":"https:\/\/radis.ee\/#organization"},"potentialAction":[{"@type":"SearchAction","target":{"@type":"EntryPoint","urlTemplate":"https:\/\/radis.ee\/?s={search_term_string}"},"query-input":{"@type":"PropertyValueSpecification","valueRequired":true,"valueName":"search_term_string"}}],"inLanguage":"fr-FR"},{"@type":"Organization","@id":"https:\/\/radis.ee\/#organization","name":"Radis O\u00dc","url":"https:\/\/radis.ee\/","logo":{"@type":"ImageObject","inLanguage":"fr-FR","@id":"https:\/\/radis.ee\/#\/schema\/logo\/image\/","url":"https:\/\/radis.ee\/wp-content\/uploads\/2020\/10\/Radis-logo.png","contentUrl":"https:\/\/radis.ee\/wp-content\/uploads\/2020\/10\/Radis-logo.png","width":300,"height":63,"caption":"Radis O\u00dc"},"image":{"@id":"https:\/\/radis.ee\/#\/schema\/logo\/image\/"},"sameAs":["https:\/\/www.facebook.com\/radisfurniture\/"]},{"@type":"Person","@id":"https:\/\/radis.ee\/#\/schema\/person\/82b3717747b95054e374cb142668774b","name":"Mauri Abner","url":"https:\/\/radis.ee\/fr\/author\/mauri\/"}]}},"_links":{"self":[{"href":"https:\/\/radis.ee\/fr\/wp-json\/wp\/v2\/posts\/32377","targetHints":{"allow":["GET"]}}],"collection":[{"href":"https:\/\/radis.ee\/fr\/wp-json\/wp\/v2\/posts"}],"about":[{"href":"https:\/\/radis.ee\/fr\/wp-json\/wp\/v2\/types\/post"}],"author":[{"embeddable":true,"href":"https:\/\/radis.ee\/fr\/wp-json\/wp\/v2\/users\/2"}],"replies":[{"embeddable":true,"href":"https:\/\/radis.ee\/fr\/wp-json\/wp\/v2\/comments?post=32377"}],"version-history":[{"count":0,"href":"https:\/\/radis.ee\/fr\/wp-json\/wp\/v2\/posts\/32377\/revisions"}],"wp:featuredmedia":[{"embeddable":true,"href":"https:\/\/radis.ee\/fr\/wp-json\/wp\/v2\/media\/32378"}],"wp:attachment":[{"href":"https:\/\/radis.ee\/fr\/wp-json\/wp\/v2\/media?parent=32377"}],"wp:term":[{"taxonomy":"category","embeddable":true,"href":"https:\/\/radis.ee\/fr\/wp-json\/wp\/v2\/categories?post=32377"},{"taxonomy":"post_tag","embeddable":true,"href":"https:\/\/radis.ee\/fr\/wp-json\/wp\/v2\/tags?post=32377"}],"curies":[{"name":"wp","href":"https:\/\/api.w.org\/{rel}","templated":true}]}}